{"id":1022,"date":"2010-08-25T10:45:56","date_gmt":"2010-08-25T06:45:56","guid":{"rendered":"http:\/\/www.bkl974.re\/jardin\/\/?p=1022"},"modified":"2010-08-25T11:11:00","modified_gmt":"2010-08-25T07:11:00","slug":"fleur-de-conflor-et-hibiscus","status":"publish","type":"post","link":"http:\/\/www.bkl974.re\/jardin\/2010\/08\/25\/fleur-de-conflor-et-hibiscus\/","title":{"rendered":"Fleur de Conflor et hibiscus"},"content":{"rendered":"<p><span style=\"font-size: small;\">Depuis 2 jours mes <strong><em>conflor<\/em><\/strong> malgr\u00e9 les temp\u00e9ratures qui grimpent doucement se d\u00e9cident \u00e0 m&rsquo;offrir une nouveaut\u00e9 sur le balcon!<br \/>\n \u00ab\u00a0Conflor\u00a0\u00bb est le nom local d&rsquo;une vari\u00e9t\u00e9 de\u00a0<span style=\"text-decoration: underline;\">Canna<\/span>, c&rsquo;est le d\u00e9but de floraison j&rsquo;esp\u00e8re que le soleil sera cl\u00e9ment avec la fleur car cette plante a plut\u00f4t vocation \u00e0 \u00eatre cultiv\u00e9e en altitude avec des\u00a0temp\u00e9ratures\u00a0plus fra\u00eeches que sur la c\u00f4te! On verra bien=)<br \/>\n <a href=\"http:\/\/www.bkl974.re\/jardin\/\/wp-content\/uploads\/2010\/08\/P1020370.jpg\" target=\"_blank\"><img loading=\"lazy\" decoding=\"async\" class=\"alignleft size-large wp-image-1023\" title=\"P1020370\" src=\"http:\/\/www.bkl974.re\/jardin\/\/wp-content\/uploads\/2010\/08\/P1020370-800x600.jpg\" alt=\"\" width=\"640\" height=\"480\" \/><\/a><br \/>\n au pied du Conflor mon hibiscus jaune qui est pourtant encore assez petit m&rsquo;a fait plaisir ce matin au\u00a0r\u00e9veil\u00a0<a href=\"http:\/\/www.bkl974.re\/jardin\/\/wp-content\/uploads\/2010\/08\/P1020371.jpg\" target=\"_blank\"><img loading=\"lazy\" decoding=\"async\" class=\"alignleft size-large wp-image-1024\" title=\"P1020371\" src=\"http:\/\/www.bkl974.re\/jardin\/\/wp-content\/uploads\/2010\/08\/P1020371-800x600.jpg\" alt=\"\" width=\"640\" height=\"480\" \/><\/a><\/span><\/p>\n<p><br class=\"spacer_\" \/><\/p>\n<p><br class=\"spacer_\" \/><\/p>\n<p><br class=\"spacer_\" \/><\/p>\n<p><br class=\"spacer_\" \/><\/p>\n<p><br class=\"spacer_\" \/><\/p>\n<p><br class=\"spacer_\" \/><\/p>\n<p><br class=\"spacer_\" \/><\/p>\n<p><a href=\"http:\/\/www.bkl974.re\/jardin\/\/wp-content\/uploads\/2010\/08\/P1020372.jpg\" target=\"_blank\"><img loading=\"lazy\" decoding=\"async\" class=\"alignleft size-large wp-image-1025\" title=\"P1020372\" src=\"http:\/\/www.bkl974.re\/jardin\/\/wp-content\/uploads\/2010\/08\/P1020372-800x600.jpg\" alt=\"\" width=\"640\" height=\"480\" \/><\/a><\/p>\n<p><br class=\"spacer_\" \/><\/p>\n<p><br class=\"spacer_\" \/><\/p>\n<p><br class=\"spacer_\" \/><\/p>\n<p><span style=\"line-height: 27px; font-size: medium;\"> <\/span><\/p>\n<p><span style=\"font-size: small;\">Lui c&rsquo;est un habitu\u00e9 m\u00eame si plus \u00e7a va et plus ses fleurs sont grosses ce qui n&rsquo;est pas pour me d\u00e9plaire=)<br \/>\n <a href=\"http:\/\/www.bkl974.re\/jardin\/\/wp-content\/uploads\/2010\/08\/P1020374.jpg\" target=\"_blank\"><img loading=\"lazy\" decoding=\"async\" class=\"alignleft size-large wp-image-1027\" title=\"P1020374\" src=\"http:\/\/www.bkl974.re\/jardin\/\/wp-content\/uploads\/2010\/08\/P1020374-800x600.jpg\" alt=\"\" width=\"640\" height=\"480\" \/><\/a><br \/>\n <\/span><\/p>\n<p><br class=\"spacer_\" \/><\/p>\n<p><span style=\"line-height: 27px; font-size: medium;\"><span style=\"font-size: small;\"> Et on va finir sur un achat presque\u00a0compulsif m\u00eame si ce n&rsquo;est pas mon genre, un b\u00e9gonia que je n&rsquo;ai pas achet\u00e9 chez un marchand sp\u00e9cialis\u00e9 mais en grande surface \ud83d\ude15 \u00a0il y a deux jours mais bon je ne regrette pas \u00e7a fait un moment que je voulais ce b\u00e9gonia!<br \/>\n <a href=\"http:\/\/www.bkl974.re\/jardin\/\/wp-content\/uploads\/2010\/08\/P1020352.jpg\" target=\"_blank\"><img loading=\"lazy\" decoding=\"async\" class=\"alignleft size-large wp-image-1028\" title=\"P1020352\" src=\"http:\/\/www.bkl974.re\/jardin\/\/wp-content\/uploads\/2010\/08\/P1020352-800x600.jpg\" alt=\"\" width=\"640\" height=\"480\" \/><\/a> Avec quelques boutures par ci par la\u00a0\u00e7a\u00a0fera de jolies pointes de couleurs sur la terrasse surtout que chez moi les b\u00e9gonias n&rsquo;arr\u00eatent presque jamais leurs floraisons, et ils r\u00e9sistent tr\u00e8s bien aux tr\u00e8s grosses temp\u00e9ratures!<\/span><\/span><\/p>\n","protected":false},"excerpt":{"rendered":"<p>Depuis 2 jours mes conflor malgr\u00e9 les temp\u00e9ratures qui grimpent doucement se d\u00e9cident \u00e0 m&rsquo;offrir une nouveaut\u00e9 sur le balcon! \u00ab\u00a0Conflor\u00a0\u00bb est le nom local d&rsquo;une vari\u00e9t\u00e9 de\u00a0Canna, c&rsquo;est le d\u00e9but de floraison j&rsquo;esp\u00e8re que le soleil sera cl\u00e9ment avec la fleur car cette plante a plut\u00f4t vocation \u00e0 \u00eatre cultiv\u00e9e en altitude avec des\u00a0temp\u00e9ratures\u00a0plus fra\u00eeches que sur la c\u00f4te! On verra bien=) au pied du Conflor mon hibiscus jaune qui est pourtant encore assez petit m&rsquo;a fait plaisir ce matin au\u00a0r\u00e9veil\u00a0 Lui c&rsquo;est un habitu\u00e9 m\u00eame si plus \u00e7a va et plus ses fleurs sont grosses ce qui n&rsquo;est pas pour me d\u00e9plaire=) Et on va finir sur un achat presque\u00a0compulsif m\u00eame si ce n&rsquo;est pas mon genre, un b\u00e9gonia que je n&rsquo;ai pas achet\u00e9 chez un marchand sp\u00e9cialis\u00e9 mais en grande surface \ud83d\ude15 \u00a0il y a deux jours mais bon je ne regrette pas \u00e7a fait un moment&#8230;<\/p>\n<p> <a class=\"continue-reading-link\" href=\"http:\/\/www.bkl974.re\/jardin\/2010\/08\/25\/fleur-de-conflor-et-hibiscus\/\"><span>Continuer la lecture<\/span><i class=\"crycon-right-dir\"><\/i><\/a> <\/p>\n","protected":false},"author":1,"featured_media":0,"comment_status":"open","ping_status":"open","sticky":false,"template":"","format":"standard","meta":{"om_disable_all_campaigns":false,"_monsterinsights_skip_tracking":false,"_monsterinsights_sitenote_active":false,"_monsterinsights_sitenote_note":"","_monsterinsights_sitenote_category":0,"_uf_show_specific_survey":0,"_uf_disable_surveys":false,"footnotes":""},"categories":[3],"tags":[101,30,111,28],"class_list":["post-1022","post","type-post","status-publish","format-standard","hentry","category-jardin-balcon","tag-begonia","tag-canna","tag-conflor","tag-hibiscus"],"aioseo_notices":[],"_links":{"self":[{"href":"http:\/\/www.bkl974.re\/jardin\/wp-json\/wp\/v2\/posts\/1022","targetHints":{"allow":["GET"]}}],"collection":[{"href":"http:\/\/www.bkl974.re\/jardin\/wp-json\/wp\/v2\/posts"}],"about":[{"href":"http:\/\/www.bkl974.re\/jardin\/wp-json\/wp\/v2\/types\/post"}],"author":[{"embeddable":true,"href":"http:\/\/www.bkl974.re\/jardin\/wp-json\/wp\/v2\/users\/1"}],"replies":[{"embeddable":true,"href":"http:\/\/www.bkl974.re\/jardin\/wp-json\/wp\/v2\/comments?post=1022"}],"version-history":[{"count":6,"href":"http:\/\/www.bkl974.re\/jardin\/wp-json\/wp\/v2\/posts\/1022\/revisions"}],"predecessor-version":[{"id":1033,"href":"http:\/\/www.bkl974.re\/jardin\/wp-json\/wp\/v2\/posts\/1022\/revisions\/1033"}],"wp:attachment":[{"href":"http:\/\/www.bkl974.re\/jardin\/wp-json\/wp\/v2\/media?parent=1022"}],"wp:term":[{"taxonomy":"category","embeddable":true,"href":"http:\/\/www.bkl974.re\/jardin\/wp-json\/wp\/v2\/categories?post=1022"},{"taxonomy":"post_tag","embeddable":true,"href":"http:\/\/www.bkl974.re\/jardin\/wp-json\/wp\/v2\/tags?post=1022"}],"curies":[{"name":"wp","href":"https:\/\/api.w.org\/{rel}","templated":true}]}}