{"id":1268,"date":"2010-09-10T00:55:55","date_gmt":"2010-09-09T20:55:55","guid":{"rendered":"http:\/\/www.bkl974.re\/jardin\/\/?p=1268"},"modified":"2010-09-10T01:05:21","modified_gmt":"2010-09-09T21:05:21","slug":"signe-de-fin-dhiver-et-bonjour-lete","status":"publish","type":"post","link":"http:\/\/www.bkl974.re\/jardin\/2010\/09\/10\/signe-de-fin-dhiver-et-bonjour-lete\/","title":{"rendered":"Signe de fin d&rsquo;hiver et bonjour l&rsquo;\u00e9t\u00e9."},"content":{"rendered":"<p><span style=\"font-size: small;\"><em>Photo un peu surprenante non? c&rsquo;est quoi donc?=)\u00a0<br \/>\n <a href=\"http:\/\/www.bkl974.re\/jardin\/\/wp-content\/uploads\/2010\/09\/carias1.jpg\"><img loading=\"lazy\" decoding=\"async\" class=\"aligncenter size-large wp-image-1269\" title=\"carias1\" src=\"http:\/\/www.bkl974.re\/jardin\/\/wp-content\/uploads\/2010\/09\/carias1-800x490.jpg\" alt=\"\" width=\"640\" height=\"392\" \/><\/a> C&rsquo;est l&rsquo;\u00e9v\u00e8nement qui annonce que l&rsquo;\u00e9t\u00e9\u00a0apr\u00e8s un\u00a0l\u00e2ch\u00e9\u00a0prise de 3 ou 4 mois reprends du service, un autre pr\u00e9misse d&rsquo;\u00e9t\u00e9 nous a\u00a0rappel\u00e9\u00a0aussi \u00a0\u00e0 l&rsquo;ordre hier soir! Vers minuit premier gros coup de vent \u00e0 faire plier des pieds de tomates et \u00e0 arracher mes fleurs avec une vrai pluie\u00a0tropicale\u00a0\u00a0nous a signal\u00e9 la fin de nos ch\u00e8res 28\u00b0. Et ce soir \u00e0 la tomb\u00e9e de la nuit avec une bonne quinzaine de jours d&rsquo;avance on a eu droit au premiers vols amoureux des <strong>carias<\/strong> (termites).\u00a0<br \/>\n D&rsquo;ici \u00e0 peu \u00a0pr\u00e8s 2 semaines nous serons donc \u00a0en \u00e9t\u00e9, une bonne 10aine de degr\u00e9s en plus au thermom\u00e8tre dans un premier temps et par la suite plus si affinit\u00e9.<\/em><\/span><\/p>\n<p><em> <\/em><\/p>\n<p><em><span style=\"font-size: small;\"> Je vous mets 2 petites vid\u00e9os \u00a0de l&rsquo;ambiance de la premi\u00e8re soir\u00e9e d&rsquo;\u00e9t\u00e9 agr\u00e9ment\u00e9e des premi\u00e8res goutte de\u00a0sueurs\u00a0=)\u00a0<br \/>\n Le d\u00e9but du vol avec quelques petits carias mais aussi \u00a0mes locataires permanents mes margouillats qui s&rsquo;en donnent \u00e0 c\u0153ur joie=)<br \/>\n Bon la vid\u00e9o bouge un peu je ne suis pas tr\u00e8s\u00a0habile je\u00a0pr\u00e9f\u00e8re\u00a0la photo moi=) \u00a0faut dire que les carias ne se fatiguaient pas \u00e0 m&rsquo;\u00e9viter et dans le coup ou dans le tee-shirt \u00e7a chatouille un peu hihi sur la deuxi\u00e8me vid\u00e9o il commen\u00e7ait \u00e0 y avoir beaucoup de monde \ud83d\ude09 <br \/>\n <\/span> <strong><span style=\"font-size: small;\">Bienvenu en \u00e9t\u00e9!!<\/span><\/strong> <\/em><\/p>\n<p>\n<object classid=\"clsid:d27cdb6e-ae6d-11cf-96b8-444553540000\" width=\"640\" height=\"385\" codebase=\"http:\/\/download.macromedia.com\/pub\/shockwave\/cabs\/flash\/swflash.cab#version=6,0,40,0\"><param name=\"allowFullScreen\" value=\"true\" \/><param name=\"allowscriptaccess\" value=\"always\" \/><param name=\"src\" value=\"http:\/\/www.youtube.com\/v\/qobZBnNfjFY?fs=1&amp;hl=fr_FR&amp;rel=0&amp;color1=0x3a3a3a&amp;color2=0x999999\" \/><param name=\"allowfullscreen\" value=\"true\" \/><embed type=\"application\/x-shockwave-flash\" width=\"640\" height=\"385\" src=\"http:\/\/www.youtube.com\/v\/qobZBnNfjFY?fs=1&amp;hl=fr_FR&amp;rel=0&amp;color1=0x3a3a3a&amp;color2=0x999999\" allowscriptaccess=\"always\" allowfullscreen=\"true\"><\/embed><\/object>\n<\/p>\n<p>\n<object classid=\"clsid:d27cdb6e-ae6d-11cf-96b8-444553540000\" width=\"640\" height=\"385\" codebase=\"http:\/\/download.macromedia.com\/pub\/shockwave\/cabs\/flash\/swflash.cab#version=6,0,40,0\"><param name=\"allowFullScreen\" value=\"true\" \/><param name=\"allowscriptaccess\" value=\"always\" \/><param name=\"src\" value=\"http:\/\/www.youtube.com\/v\/6CzYyObLoFU?fs=1&amp;hl=fr_FR&amp;rel=0&amp;color1=0x3a3a3a&amp;color2=0x999999\" \/><param name=\"allowfullscreen\" value=\"true\" \/><embed type=\"application\/x-shockwave-flash\" width=\"640\" height=\"385\" src=\"http:\/\/www.youtube.com\/v\/6CzYyObLoFU?fs=1&amp;hl=fr_FR&amp;rel=0&amp;color1=0x3a3a3a&amp;color2=0x999999\" allowscriptaccess=\"always\" allowfullscreen=\"true\"><\/embed><\/object><\/p>\n","protected":false},"excerpt":{"rendered":"<p>Photo un peu surprenante non? c&rsquo;est quoi donc?=)\u00a0 C&rsquo;est l&rsquo;\u00e9v\u00e8nement qui annonce que l&rsquo;\u00e9t\u00e9\u00a0apr\u00e8s un\u00a0l\u00e2ch\u00e9\u00a0prise de 3 ou 4 mois reprends du service, un autre pr\u00e9misse d&rsquo;\u00e9t\u00e9 nous a\u00a0rappel\u00e9\u00a0aussi \u00a0\u00e0 l&rsquo;ordre hier soir! Vers minuit premier gros coup de vent \u00e0 faire plier des pieds de tomates et \u00e0 arracher mes fleurs avec une vrai pluie\u00a0tropicale\u00a0\u00a0nous a signal\u00e9 la fin de nos ch\u00e8res 28\u00b0. Et ce soir \u00e0 la tomb\u00e9e de la nuit avec une bonne quinzaine de jours d&rsquo;avance on a eu droit au premiers vols amoureux des carias (termites).\u00a0 D&rsquo;ici \u00e0 peu \u00a0pr\u00e8s 2 semaines nous serons donc \u00a0en \u00e9t\u00e9, une bonne 10aine de degr\u00e9s en plus au thermom\u00e8tre dans un premier temps et par la suite plus si affinit\u00e9. Je vous mets 2 petites vid\u00e9os \u00a0de l&rsquo;ambiance de la premi\u00e8re soir\u00e9e d&rsquo;\u00e9t\u00e9 agr\u00e9ment\u00e9e des premi\u00e8res goutte de\u00a0sueurs\u00a0=)\u00a0 Le d\u00e9but du vol avec quelques petits carias mais aussi&#8230;<\/p>\n<p> <a class=\"continue-reading-link\" href=\"http:\/\/www.bkl974.re\/jardin\/2010\/09\/10\/signe-de-fin-dhiver-et-bonjour-lete\/\"><span>Continuer la lecture<\/span><i class=\"crycon-right-dir\"><\/i><\/a> <\/p>\n","protected":false},"author":1,"featured_media":0,"comment_status":"open","ping_status":"open","sticky":false,"template":"","format":"standard","meta":{"om_disable_all_campaigns":false,"_monsterinsights_skip_tracking":false,"_monsterinsights_sitenote_active":false,"_monsterinsights_sitenote_note":"","_monsterinsights_sitenote_category":0,"_uf_show_specific_survey":0,"_uf_disable_surveys":false,"footnotes":""},"categories":[5,3],"tags":[157,156,49,159,158],"class_list":["post-1268","post","type-post","status-publish","format-standard","hentry","category-insectes","category-jardin-balcon","tag-carias","tag-ete","tag-ile-de-la-reunion","tag-margouillats","tag-termite"],"aioseo_notices":[],"_links":{"self":[{"href":"http:\/\/www.bkl974.re\/jardin\/wp-json\/wp\/v2\/posts\/1268","targetHints":{"allow":["GET"]}}],"collection":[{"href":"http:\/\/www.bkl974.re\/jardin\/wp-json\/wp\/v2\/posts"}],"about":[{"href":"http:\/\/www.bkl974.re\/jardin\/wp-json\/wp\/v2\/types\/post"}],"author":[{"embeddable":true,"href":"http:\/\/www.bkl974.re\/jardin\/wp-json\/wp\/v2\/users\/1"}],"replies":[{"embeddable":true,"href":"http:\/\/www.bkl974.re\/jardin\/wp-json\/wp\/v2\/comments?post=1268"}],"version-history":[{"count":7,"href":"http:\/\/www.bkl974.re\/jardin\/wp-json\/wp\/v2\/posts\/1268\/revisions"}],"predecessor-version":[{"id":1276,"href":"http:\/\/www.bkl974.re\/jardin\/wp-json\/wp\/v2\/posts\/1268\/revisions\/1276"}],"wp:attachment":[{"href":"http:\/\/www.bkl974.re\/jardin\/wp-json\/wp\/v2\/media?parent=1268"}],"wp:term":[{"taxonomy":"category","embeddable":true,"href":"http:\/\/www.bkl974.re\/jardin\/wp-json\/wp\/v2\/categories?post=1268"},{"taxonomy":"post_tag","embeddable":true,"href":"http:\/\/www.bkl974.re\/jardin\/wp-json\/wp\/v2\/tags?post=1268"}],"curies":[{"name":"wp","href":"https:\/\/api.w.org\/{rel}","templated":true}]}}