{"id":1278,"date":"2010-09-13T00:28:55","date_gmt":"2010-09-12T20:28:55","guid":{"rendered":"http:\/\/www.bkl974.re\/jardin\/\/?p=1278"},"modified":"2010-09-13T22:58:02","modified_gmt":"2010-09-13T18:58:02","slug":"amaryllis-abeilles-et-plus","status":"publish","type":"post","link":"http:\/\/www.bkl974.re\/jardin\/2010\/09\/13\/amaryllis-abeilles-et-plus\/","title":{"rendered":"Amaryllis abeilles et plus=)"},"content":{"rendered":"<p style=\"text-align: left;\"><em><span style=\"font-size: small;\">Avant que l&rsquo;\u00e9t\u00e9 ne s&rsquo;installe d\u00e9finitivement moi et ti boeuf sommes mont\u00e9 aujourd&rsquo;hui rendre visite aux abeilles \u00a0\u00e0 Dos d&rsquo;Ane.\u00a0Temps couvert avec brouillard en milieu d&rsquo;apr\u00e8s midi pas l&rsquo;id\u00e9al et plut\u00f4t froid (bon froid pour moi hin)<br \/>\n Avant de jeter un \u0153il \u00e0 la ruche j&rsquo;ai eu la surprise de d\u00e9couvrir \u00a0l&rsquo;amaryllis de ma m\u00e8re en fleur.<br \/>\n <\/span><\/em><em><span style=\"font-size: small;\">Dimanche dernier j&rsquo;avais photographi\u00e9 les boutons sous le soleil:<br \/>\n <a href=\"http:\/\/www.bkl974.re\/jardin\/\/wp-content\/uploads\/2010\/09\/P1020685.jpg\" target=\"_blank\"><img loading=\"lazy\" decoding=\"async\" class=\"aligncenter size-large wp-image-1279\" title=\"P1020685\" src=\"http:\/\/www.bkl974.re\/jardin\/\/wp-content\/uploads\/2010\/09\/P1020685-800x600.jpg\" alt=\"\" width=\"640\" height=\"480\" \/><\/a><span style=\"font-size: small;\"> La m\u00eame chose sans soleil  \ud83d\ude41 \u00a0mais ouverts cette fois!<br \/>\n <\/span><a href=\"http:\/\/www.bkl974.re\/jardin\/\/wp-content\/uploads\/2010\/09\/P1020817.jpg\" target=\"_blank\"><img loading=\"lazy\" decoding=\"async\" class=\"aligncenter size-large wp-image-1280\" title=\"P1020817\" src=\"http:\/\/www.bkl974.re\/jardin\/\/wp-content\/uploads\/2010\/09\/P1020817-800x600.jpg\" alt=\"\" width=\"640\" height=\"480\" \/><\/a><span style=\"font-size: small;\"> <\/span><a href=\"http:\/\/www.bkl974.re\/jardin\/\/wp-content\/uploads\/2010\/09\/P1020814.jpg\" target=\"_blank\"><img loading=\"lazy\" decoding=\"async\" class=\"aligncenter size-large wp-image-1281\" title=\"P1020814\" src=\"http:\/\/www.bkl974.re\/jardin\/\/wp-content\/uploads\/2010\/09\/P1020814-800x600.jpg\" alt=\"\" width=\"640\" height=\"480\" \/><\/a><span style=\"font-size: small;\">Classe non?<br \/>\n Allez allons voir la petite ruche<\/span><br \/>\n <a href=\"http:\/\/www.bkl974.re\/jardin\/\/wp-content\/uploads\/2010\/09\/P1020822.jpg\" target=\"_blank\"><img loading=\"lazy\" decoding=\"async\" class=\"aligncenter size-large wp-image-1282\" title=\"P1020822\" src=\"http:\/\/www.bkl974.re\/jardin\/\/wp-content\/uploads\/2010\/09\/P1020822-800x600.jpg\" alt=\"\" width=\"640\" height=\"480\" \/><\/a> Apr\u00e8s avoir arrach\u00e9 toutes les mauvaises herbes autour de la ruche on attaque =)<br \/>\n <a href=\"http:\/\/www.bkl974.re\/jardin\/\/wp-content\/uploads\/2010\/09\/P1020825.jpg\" target=\"_blank\"><img loading=\"lazy\" decoding=\"async\" class=\"aligncenter size-large wp-image-1283\" title=\"P1020825\" src=\"http:\/\/www.bkl974.re\/jardin\/\/wp-content\/uploads\/2010\/09\/P1020825-800x600.jpg\" alt=\"\" width=\"640\" height=\"480\" \/><\/a> <a href=\"http:\/\/www.bkl974.re\/jardin\/\/wp-content\/uploads\/2010\/09\/P1020828.jpg\" target=\"_blank\"><img loading=\"lazy\" decoding=\"async\" class=\"aligncenter size-large wp-image-1284\" title=\"P1020828\" src=\"http:\/\/www.bkl974.re\/jardin\/\/wp-content\/uploads\/2010\/09\/P1020828-800x600.jpg\" alt=\"\" width=\"640\" height=\"480\" \/><\/a><a href=\"http:\/\/www.bkl974.re\/jardin\/\/wp-content\/uploads\/2010\/09\/P1020829.jpg\"><img loading=\"lazy\" decoding=\"async\" class=\"aligncenter size-large wp-image-1285\" title=\"P1020829\" src=\"http:\/\/www.bkl974.re\/jardin\/\/wp-content\/uploads\/2010\/09\/P1020829-800x600.jpg\" alt=\"\" width=\"640\" height=\"480\" \/><\/a>Le premier \u00e9tage de la ruche pas de miel a pr\u00e9lever enfin un petit peu mais \u00e7a ne valait pas le coup elles en consomment pas mal durant l&rsquo;hiver mais avec l&rsquo;\u00e9t\u00e9 qui revient et les fleurs aussi on se fera plaisir la prochaine fois!<br \/>\n On a quand m\u00eame jet\u00e9 un \u0153il au rez de chauss\u00e9 histoire de voir si tout va bien, on a pu constater que c&rsquo;est une belle ruche avec beaucoup d&rsquo;abeilles, vivement l&rsquo;\u00e9t\u00e9 pour voir tout ce petit monde se mettre au boulot=)\u00a0<br \/>\n <a href=\"http:\/\/www.bkl974.re\/jardin\/\/wp-content\/uploads\/2010\/09\/P1020833.jpg\" target=\"_blank\"><img loading=\"lazy\" decoding=\"async\" class=\"aligncenter size-large wp-image-1287\" title=\"P1020833\" src=\"http:\/\/www.bkl974.re\/jardin\/\/wp-content\/uploads\/2010\/09\/P1020833-800x600.jpg\" alt=\"\" width=\"640\" height=\"480\" \/><\/a><a href=\"http:\/\/www.bkl974.re\/jardin\/\/wp-content\/uploads\/2010\/09\/P1020835.jpg\" target=\"_blank\"><img loading=\"lazy\" decoding=\"async\" class=\"aligncenter size-large wp-image-1288\" title=\"P1020835\" src=\"http:\/\/www.bkl974.re\/jardin\/\/wp-content\/uploads\/2010\/09\/P1020835-800x600.jpg\" alt=\"\" width=\"640\" height=\"480\" \/><\/a> <a href=\"http:\/\/www.bkl974.re\/jardin\/\/wp-content\/uploads\/2010\/09\/P1020836.jpg\" target=\"_blank\"><img loading=\"lazy\" decoding=\"async\" class=\"aligncenter size-large wp-image-1289\" title=\"P1020836\" src=\"http:\/\/www.bkl974.re\/jardin\/\/wp-content\/uploads\/2010\/09\/P1020836-800x600.jpg\" alt=\"\" width=\"640\" height=\"480\" \/><\/a><a href=\"http:\/\/www.bkl974.re\/jardin\/\/wp-content\/uploads\/2010\/09\/P1020837.jpg\" target=\"_blank\"><img loading=\"lazy\" decoding=\"async\" class=\"aligncenter size-large wp-image-1290\" title=\"P1020837\" src=\"http:\/\/www.bkl974.re\/jardin\/\/wp-content\/uploads\/2010\/09\/P1020837-800x600.jpg\" alt=\"\" width=\"640\" height=\"480\" \/><\/a><a href=\"http:\/\/www.bkl974.re\/jardin\/\/wp-content\/uploads\/2010\/09\/P1020838.jpg\" target=\"_blank\"><img loading=\"lazy\" decoding=\"async\" class=\"aligncenter size-large wp-image-1291\" title=\"P1020838\" src=\"http:\/\/www.bkl974.re\/jardin\/\/wp-content\/uploads\/2010\/09\/P1020838-800x600.jpg\" alt=\"\" width=\"640\" height=\"480\" \/><\/a>Allez faut y aller j&#8217;embarque une amie=)<br \/>\n <a href=\"http:\/\/www.bkl974.re\/jardin\/\/wp-content\/uploads\/2010\/09\/P1020842.jpg\" target=\"_blank\"><img loading=\"lazy\" decoding=\"async\" class=\"aligncenter size-large wp-image-1292\" title=\"P1020842\" src=\"http:\/\/www.bkl974.re\/jardin\/\/wp-content\/uploads\/2010\/09\/P1020842-800x600.jpg\" alt=\"\" width=\"640\" height=\"480\" \/><\/a>Bon pour le miel on est bredouille alors avant de redescendre on tourne dans la cours histoire de ramener quelque chose alors on a pris des citrons! Un pied plant\u00e9 par mon p\u00e8re il y a plus de 20 ans et qui\u00a0n\u2019arr\u00eate\u00a0pas d&rsquo;en donner\u00a0<br \/>\n <a href=\"http:\/\/www.bkl974.re\/jardin\/\/wp-content\/uploads\/2010\/09\/P10208552.jpg\" target=\"_blank\"><img loading=\"lazy\" decoding=\"async\" class=\"aligncenter size-large wp-image-1295\" title=\"P10208552\" src=\"http:\/\/www.bkl974.re\/jardin\/\/wp-content\/uploads\/2010\/09\/P10208552-667x600.jpg\" alt=\"\" width=\"640\" height=\"575\" \/><\/a><br \/>\n <a href=\"http:\/\/www.bkl974.re\/jardin\/\/wp-content\/uploads\/2010\/09\/P1020857.jpg\" target=\"_blank\"><img loading=\"lazy\" decoding=\"async\" class=\"aligncenter size-large wp-image-1293\" title=\"P1020857\" src=\"http:\/\/www.bkl974.re\/jardin\/\/wp-content\/uploads\/2010\/09\/P1020857-800x600.jpg\" alt=\"\" width=\"640\" height=\"480\" \/><\/a>Quelques photos avant de reprendre la route<br \/>\n Qu&rsquo;est ce que donc?<br \/>\n <a href=\"http:\/\/www.bkl974.re\/jardin\/\/wp-content\/uploads\/2010\/09\/P1020865.jpg\" target=\"_blank\"><img loading=\"lazy\" decoding=\"async\" class=\"aligncenter size-large wp-image-1296\" title=\"P1020865\" src=\"http:\/\/www.bkl974.re\/jardin\/\/wp-content\/uploads\/2010\/09\/P1020865-800x600.jpg\" alt=\"\" width=\"640\" height=\"480\" \/><\/a>Ceux sont des b\u00e9b\u00e9s\u00a0araign\u00e9es\u00a0=)<br \/>\n <a href=\"http:\/\/www.bkl974.re\/jardin\/\/wp-content\/uploads\/2010\/09\/P1020866.jpg\" target=\"_blank\"><img loading=\"lazy\" decoding=\"async\" class=\"aligncenter size-large wp-image-1297\" title=\"P1020866\" src=\"http:\/\/www.bkl974.re\/jardin\/\/wp-content\/uploads\/2010\/09\/P1020866-800x600.jpg\" alt=\"\" width=\"640\" height=\"480\" \/><\/a>\u00c7a\u00a0je me trompe ou c&rsquo;est bien une glycine?<br \/>\n <a href=\"http:\/\/www.bkl974.re\/jardin\/\/wp-content\/uploads\/2010\/09\/P1020843.jpg\" target=\"_blank\"><img loading=\"lazy\" decoding=\"async\" class=\"aligncenter size-large wp-image-1298\" title=\"P1020843\" src=\"http:\/\/www.bkl974.re\/jardin\/\/wp-content\/uploads\/2010\/09\/P1020843-800x600.jpg\" alt=\"\" width=\"640\" height=\"480\" \/><\/a> Il commen\u00e7ait \u00e0 faire sombre on a charg\u00e9 un peu de terreau maison quelques plantes orchid\u00e9es sauvages et petit pied de p\u00eache tout juste germ\u00e9s dans la voiture et zou&#8230;.<\/span><\/em><\/p>\n<p><em> <\/em><\/p>\n<p><em><span style=\"font-size: small;\">Sur la route du retour on s&rsquo;arr\u00eate sur le bas cot\u00e9 (en face du cimeti\u00e8re de Dos d&rsquo;Ane) lol ti boeuf veut des bred chou de chine surtout les plants sans feuille mais avec des graines pour ses oiseaux! Moi\u00a0j&rsquo;aime\u00a0beaucoup \u00a0mais pas les graines le chou lui m\u00eame=) en fricass\u00e9 \u00ab\u00a0des bred\u00a0\u00bb que l&rsquo;on mange ici. Regardez un peu la voiture de l&rsquo;entreprise soit disant hihi on ne rentre pas les mains vides=) des plantes du terreau, des bred, des citrons + \u00e9quipements pour les abeilles=)<\/span><br \/>\n <a href=\"http:\/\/www.bkl974.re\/jardin\/\/wp-content\/uploads\/2010\/09\/P1020874.jpg\"><img loading=\"lazy\" decoding=\"async\" class=\"aligncenter size-large wp-image-1299\" title=\"P1020874\" src=\"http:\/\/www.bkl974.re\/jardin\/\/wp-content\/uploads\/2010\/09\/P1020874-800x600.jpg\" alt=\"\" width=\"640\" height=\"480\" \/><\/a><span style=\"font-size: small;\"> On quitte la fra\u00eecheur des hauts et me\u00a0revoil\u00e0\u00a0dans la chaleur et \u00e7a ne fait que commencer!<br \/>\n Bonne soir\u00e9e ou bonne journ\u00e9e<\/span><\/em><\/p>\n<p><em><span style=\"font-size: small;\">petit ajout apr\u00e8s la\u00a0remarque\u00a0d\u2019Alain\u00a0sur le <strong>ricin<\/strong> photo datant de f\u00e9vrier quant on \u00e0 retir\u00e9 les abeilles de la cloison dans cet article: <a href=\"http:\/\/www.bkl974.re\/jardin\/\/?p=29\" target=\"_blank\">http:\/\/www.bkl974.re\/jardin\/\/?p=29<br \/>\n<\/a><a href=\"http:\/\/www.bkl974.re\/jardin\/\/wp-content\/uploads\/2010\/09\/IMGP01252.jpg\"><img loading=\"lazy\" decoding=\"async\" class=\"aligncenter size-large wp-image-1308\" title=\"IMGP01252\" src=\"http:\/\/www.bkl974.re\/jardin\/\/wp-content\/uploads\/2010\/09\/IMGP01252-800x600.jpg\" alt=\"\" width=\"640\" height=\"480\" \/><\/a><br \/>\n<\/span><\/em><\/p>\n","protected":false},"excerpt":{"rendered":"<p>Avant que l&rsquo;\u00e9t\u00e9 ne s&rsquo;installe d\u00e9finitivement moi et ti boeuf sommes mont\u00e9 aujourd&rsquo;hui rendre visite aux abeilles \u00a0\u00e0 Dos d&rsquo;Ane.\u00a0Temps couvert avec brouillard en milieu d&rsquo;apr\u00e8s midi pas l&rsquo;id\u00e9al et plut\u00f4t froid (bon froid pour moi hin) Avant de jeter un \u0153il \u00e0 la ruche j&rsquo;ai eu la surprise de d\u00e9couvrir \u00a0l&rsquo;amaryllis de ma m\u00e8re en fleur. Dimanche dernier j&rsquo;avais photographi\u00e9 les boutons sous le soleil: La m\u00eame chose sans soleil \ud83d\ude41 \u00a0mais ouverts cette fois! Classe non? Allez allons voir la petite ruche Apr\u00e8s avoir arrach\u00e9 toutes les mauvaises herbes autour de la ruche on attaque =) Le premier \u00e9tage de la ruche pas de miel a pr\u00e9lever enfin un petit peu mais \u00e7a ne valait pas le coup elles en consomment pas mal durant l&rsquo;hiver mais avec l&rsquo;\u00e9t\u00e9 qui revient et les fleurs aussi on se fera plaisir la prochaine fois! On a quand m\u00eame jet\u00e9 un \u0153il&#8230;<\/p>\n<p> <a class=\"continue-reading-link\" href=\"http:\/\/www.bkl974.re\/jardin\/2010\/09\/13\/amaryllis-abeilles-et-plus\/\"><span>Continuer la lecture<\/span><i class=\"crycon-right-dir\"><\/i><\/a> <\/p>\n","protected":false},"author":1,"featured_media":0,"comment_status":"open","ping_status":"open","sticky":false,"template":"","format":"standard","meta":{"om_disable_all_campaigns":false,"_monsterinsights_skip_tracking":false,"_monsterinsights_sitenote_active":false,"_monsterinsights_sitenote_note":"","_monsterinsights_sitenote_category":0,"_uf_show_specific_survey":0,"_uf_disable_surveys":false,"footnotes":""},"categories":[6],"tags":[],"class_list":["post-1278","post","type-post","status-publish","format-standard","hentry","category-abeilles"],"aioseo_notices":[],"_links":{"self":[{"href":"http:\/\/www.bkl974.re\/jardin\/wp-json\/wp\/v2\/posts\/1278","targetHints":{"allow":["GET"]}}],"collection":[{"href":"http:\/\/www.bkl974.re\/jardin\/wp-json\/wp\/v2\/posts"}],"about":[{"href":"http:\/\/www.bkl974.re\/jardin\/wp-json\/wp\/v2\/types\/post"}],"author":[{"embeddable":true,"href":"http:\/\/www.bkl974.re\/jardin\/wp-json\/wp\/v2\/users\/1"}],"replies":[{"embeddable":true,"href":"http:\/\/www.bkl974.re\/jardin\/wp-json\/wp\/v2\/comments?post=1278"}],"version-history":[{"count":9,"href":"http:\/\/www.bkl974.re\/jardin\/wp-json\/wp\/v2\/posts\/1278\/revisions"}],"predecessor-version":[{"id":1307,"href":"http:\/\/www.bkl974.re\/jardin\/wp-json\/wp\/v2\/posts\/1278\/revisions\/1307"}],"wp:attachment":[{"href":"http:\/\/www.bkl974.re\/jardin\/wp-json\/wp\/v2\/media?parent=1278"}],"wp:term":[{"taxonomy":"category","embeddable":true,"href":"http:\/\/www.bkl974.re\/jardin\/wp-json\/wp\/v2\/categories?post=1278"},{"taxonomy":"post_tag","embeddable":true,"href":"http:\/\/www.bkl974.re\/jardin\/wp-json\/wp\/v2\/tags?post=1278"}],"curies":[{"name":"wp","href":"https:\/\/api.w.org\/{rel}","templated":true}]}}