{"id":1475,"date":"2010-10-10T02:35:25","date_gmt":"2010-10-09T22:35:25","guid":{"rendered":"http:\/\/www.bkl974.re\/jardin\/\/?p=1475"},"modified":"2011-07-22T17:30:26","modified_gmt":"2011-07-22T13:30:26","slug":"le-maido-et-la-foret-du-tevelav-partie-1","status":"publish","type":"post","link":"http:\/\/www.bkl974.re\/jardin\/2010\/10\/10\/le-maido-et-la-foret-du-tevelav-partie-1\/","title":{"rendered":"Le Ma\u00efdo et la for\u00eat du tevelav partie 1"},"content":{"rendered":"<p><span style=\"font-size: small;\"><em><strong>Est ce que vous \u00eates pr\u00eat pour une balade \u00e0 l&rsquo;\u00eele de la R\u00e9union?<\/strong><\/em><\/span><\/p>\n<p style=\"text-align: left;\"><span style=\"font-size: small;\"><em>Aujourd&rsquo;hui on a eu un temps magnifique sur toute l&rsquo;\u00eele j&rsquo;ai l&rsquo;impression=)<br \/>\n<\/em><\/span><span style=\"font-size: small;\"><em>Vers midi (je me suis lev\u00e9 tard hihi) je regarde par la fen\u00eatre en direction des montagnes et je ne vois pas un seul nuages alors ni une ni deux branlebas de combat sac \u00e0 dos, pull, gants, veste et les appareils photos et hop je saute sur titine et je roule plein Ouest au pif!<br \/>\nEn juillet j&rsquo;avais voulu aller dans les hauts de l&rsquo;ouest mais la pluie m&rsquo;avait fait rebrousser chemin et je m&rsquo;\u00e9tais retrouv\u00e9 ici: <a href=\"http:\/\/www.bkl974.re\/jardin\/\/?p=58\">http:\/\/www.bkl974.re\/jardin\/\/?p=58<\/a> (pour ceux qui ne l&rsquo;aurait pas lu). Alors j&rsquo;ai remis \u00e7a mais sous le soleil !!<br \/>\nPour r\u00e9sumer je voulais juste faire un tour puisque je suis parti tard vers 13h30 et bien tout compte fait j&rsquo;ai fait quasiment 200km et de petites routes de for\u00eat pour la plupart=) (j&rsquo;ai mal partout maintenant lol) et les 2 APN ont\u00a0shooter pr\u00e8s de 300 photos le choix est difficile!!<br \/>\nSi tout le monde est ok \u00a0on y va=) et on commence par \u00e7a au tout d\u00e9but de la balade apr\u00e8s fini les grosses 4 voies. photo prise sur cet \u00e9changeur point <a href=\"http:\/\/maps.google.fr\/maps?q=-21.020699,55.255544&amp;num=1&amp;t=k&amp;sll=46.75984,1.738281&amp;sspn=7.619431,12.941406&amp;ie=UTF8&amp;ll=-21.02146,55.257025&amp;spn=0.011317,0.01929&amp;z=16\" target=\"_blank\">google maps <\/a> google n&rsquo;est pas \u00e0 jours la route des tamarins est encore en travaux sur les vues mais la route est termin\u00e9e depuis juin 2009!<br \/>\n<a href=\"http:\/\/www.bkl974.re\/jardin\/\/wp-content\/uploads\/2010\/10\/vue-echangeur-plateau-caillou.jpg\" target=\"_blank\"><img loading=\"lazy\" decoding=\"async\" class=\"aligncenter size-large wp-image-1476\" title=\"vue-echangeur-plateau-caillou\" src=\"http:\/\/www.bkl974.re\/jardin\/\/wp-content\/uploads\/2010\/10\/vue-echangeur-plateau-caillou-800x218.jpg\" alt=\"\" width=\"640\" height=\"174\" \/><\/a>on peut d&rsquo;ailleurs voir\u00a0l\u2019ancienne\u00a0route\u00a0principale\u00a0quasi d\u00e9serte alors qu&rsquo;avant oullaaaa <em>Cap La Houssaye<br \/>\n<\/em><a href=\"http:\/\/www.bkl974.re\/jardin\/\/wp-content\/uploads\/2010\/10\/fs30P1000976.jpg\" target=\"_blank\"><img loading=\"lazy\" decoding=\"async\" class=\"aligncenter size-large wp-image-1477\" title=\"fs30P1000976\" src=\"http:\/\/www.bkl974.re\/jardin\/\/wp-content\/uploads\/2010\/10\/fs30P1000976-800x600.jpg\" alt=\"\" width=\"640\" height=\"480\" \/><\/a>allez je monte direction le Ma\u00efdo&#8230;.<br \/>\nJ&rsquo;ai fais vite nous voila d\u00e9j\u00e0 \u00e0 plus de 1000m d&rsquo;altitude il fait d\u00e9j\u00e0 meilleur, en bas on commence \u00e0 sentir la chaleur venir, me voila sur la route du Ma\u00efdo ou le d\u00e9cor ressemble \u00e0 \u00e7a au d\u00e9but sur une dizaine de km<br \/>\n<a href=\"http:\/\/www.bkl974.re\/jardin\/\/wp-content\/uploads\/2010\/10\/fs30P1000987.jpg\" target=\"_blank\"><img loading=\"lazy\" decoding=\"async\" class=\"aligncenter size-large wp-image-1478\" title=\"fs30P1000987\" src=\"http:\/\/www.bkl974.re\/jardin\/\/wp-content\/uploads\/2010\/10\/fs30P1000987-800x450.jpg\" alt=\"\" width=\"640\" height=\"360\" \/><\/a><a href=\"http:\/\/www.bkl974.re\/jardin\/\/wp-content\/uploads\/2010\/10\/fs30P1000988.jpg\" target=\"_blank\"><img loading=\"lazy\" decoding=\"async\" class=\"aligncenter size-large wp-image-1479\" title=\"fs30P1000988\" src=\"http:\/\/www.bkl974.re\/jardin\/\/wp-content\/uploads\/2010\/10\/fs30P1000988-800x450.jpg\" alt=\"\" width=\"640\" height=\"360\" \/><\/a>plus on monte plus il fait froid =) un premier\u00a0arr\u00eat pour\u00a0enfiler\u00a0un pull et prendre titine en photo=) on est quelque part la dedans <a href=\"http:\/\/maps.google.fr\/maps?q=-21.02805,55.367725&amp;num=1&amp;t=k&amp;sll=-21.02146,55.257025&amp;sspn=0.011317,0.01929&amp;ie=UTF8&amp;ll=-21.022101,55.375128&amp;spn=0.045267,0.077162&amp;z=14\" target=\"_blank\">google maps<br \/>\n<\/a><a href=\"http:\/\/www.bkl974.re\/jardin\/\/wp-content\/uploads\/2010\/10\/fs30P1000990.jpg\" target=\"_blank\"><img loading=\"lazy\" decoding=\"async\" class=\"aligncenter size-large wp-image-1480\" title=\"fs30P1000990\" src=\"http:\/\/www.bkl974.re\/jardin\/\/wp-content\/uploads\/2010\/10\/fs30P1000990-800x450.jpg\" alt=\"\" width=\"640\" height=\"360\" \/><\/a>et je remonte encore ou on va flirter avec les 2000m et plus. Cette fois faut s&rsquo;arreter pour changer de gants =) et vous allez voir qu&rsquo;\u00e0 cette altitude la for\u00eat abandonne mais il reste des plantes et des fleurs aussi en ce d\u00e9but d&rsquo;\u00e9t\u00e9<br \/>\n<a href=\"http:\/\/www.bkl974.re\/jardin\/\/wp-content\/uploads\/2010\/10\/fs30P1000992.jpg\" target=\"_blank\"><img loading=\"lazy\" decoding=\"async\" class=\"aligncenter size-large wp-image-1481\" title=\"fs30P1000992\" src=\"http:\/\/www.bkl974.re\/jardin\/\/wp-content\/uploads\/2010\/10\/fs30P1000992-800x600.jpg\" alt=\"\" width=\"640\" height=\"480\" \/><\/a>les Ajonc \u00e9pineux sont \u00e0 la f\u00eate en ce moment<br \/>\n<a href=\"http:\/\/www.bkl974.re\/jardin\/\/wp-content\/uploads\/2010\/10\/fs30P1000995.jpg\" target=\"_blank\"><img loading=\"lazy\" decoding=\"async\" class=\"aligncenter size-large wp-image-1482\" title=\"fs30P1000995\" src=\"http:\/\/www.bkl974.re\/jardin\/\/wp-content\/uploads\/2010\/10\/fs30P1000995-800x450.jpg\" alt=\"\" width=\"640\" height=\"360\" \/><\/a><a href=\"http:\/\/www.bkl974.re\/jardin\/\/wp-content\/uploads\/2010\/10\/fs30P1000998.jpg\" target=\"_blank\"><img loading=\"lazy\" decoding=\"async\" class=\"aligncenter size-large wp-image-1483\" title=\"fs30P1000998\" src=\"http:\/\/www.bkl974.re\/jardin\/\/wp-content\/uploads\/2010\/10\/fs30P1000998-800x450.jpg\" alt=\"\" width=\"640\" height=\"360\" \/><\/a>un petit regard vers ma ville=)<br \/>\n<a href=\"http:\/\/www.bkl974.re\/jardin\/\/wp-content\/uploads\/2010\/10\/P1030312.jpg\" target=\"_blank\"><img loading=\"lazy\" decoding=\"async\" class=\"aligncenter size-large wp-image-1484\" title=\"P1030312\" src=\"http:\/\/www.bkl974.re\/jardin\/\/wp-content\/uploads\/2010\/10\/P1030312-800x600.jpg\" alt=\"\" width=\"640\" height=\"480\" \/><\/a>tiens on va aller la haut histoire de faire un beau panoramique<br \/>\n<a href=\"http:\/\/www.bkl974.re\/jardin\/\/wp-content\/uploads\/2010\/10\/P1030317.jpg\" target=\"_blank\"><img loading=\"lazy\" decoding=\"async\" class=\"aligncenter size-large wp-image-1485\" title=\"P1030317\" src=\"http:\/\/www.bkl974.re\/jardin\/\/wp-content\/uploads\/2010\/10\/P1030317-800x600.jpg\" alt=\"\" width=\"640\" height=\"480\" \/><\/a><a href=\"http:\/\/maps.google.fr\/maps?q=-21.068282,55.378057&amp;num=1&amp;t=k&amp;sll=-21.026928,55.368819&amp;sspn=0.011316,0.01929&amp;ie=UTF8&amp;ll=-21.069453,55.375664&amp;spn=0.005657,0.009645&amp;z=17\" target=\"_blank\">point google du kiosque et de la prise de vue<br \/>\n<\/a>Nous au dessus des nuages et la commune de Saint Paul en face le Port \u00e0 droite<br \/>\n<a href=\"http:\/\/www.bkl974.re\/jardin\/\/wp-content\/uploads\/2010\/10\/pan-maido-saint-paul-leport.jpg\" target=\"_blank\"><img loading=\"lazy\" decoding=\"async\" class=\"aligncenter size-large wp-image-1486\" title=\"pan- maido-saint-paul-leport\" src=\"http:\/\/www.bkl974.re\/jardin\/\/wp-content\/uploads\/2010\/10\/pan-maido-saint-paul-leport-800x160.jpg\" alt=\"\" width=\"640\" height=\"128\" \/><\/a>Au bout de la route du Ma\u00efdo on a normalement droit \u00e0 une vue plongeante sur le cirque de mafate alors que l&rsquo;on est perch\u00e9 sur le bord d&rsquo;une falaise \u00e0 plus de 2000m mais c&rsquo;est la loterie =) m\u00eame si il faisait tr\u00e8s beau au premier coup d&rsquo;oeil dans le vide j&rsquo;ai droit \u00e0 du blanc et \u00e0 un arc en ciel arrondi avec mon ombre au milieu! Ou alors je suis un ange=)<br \/>\n<a href=\"http:\/\/www.bkl974.re\/jardin\/\/wp-content\/uploads\/2010\/10\/P1030340.jpg\" target=\"_blank\"><img loading=\"lazy\" decoding=\"async\" class=\"aligncenter size-large wp-image-1488\" title=\"P1030340\" src=\"http:\/\/www.bkl974.re\/jardin\/\/wp-content\/uploads\/2010\/10\/P1030340-800x600.jpg\" alt=\"\" width=\"640\" height=\"480\" \/><\/a>le point de vu est sur <a href=\"http:\/\/maps.google.fr\/maps?q=-21.070898,55.387951&amp;num=1&amp;t=k&amp;sll=-21.069473,55.377703&amp;sspn=0.005657,0.013733&amp;ie=UTF8&amp;ll=-21.070885,55.389977&amp;spn=0.045252,0.077162&amp;z=14\" target=\"_blank\">google <\/a> on a du mal a se rendre compte avec le satellite que l&rsquo;on est sur le bord d&rsquo;une falaise!!<br \/>\nIl y avait un \u00a0peu de vent donc quelques trous dans le brouillard par moment!<br \/>\nJe vous mets quelques une de mes prises mais vous pourrez en trouver des biens plus\u00a0sympas sur la carte=) et voir marla,la nouvelle,roche plate etc&#8230;.Ne perdez pas \u00e0 l&rsquo;esprit qu&rsquo;en bas dans le cirque de mafate il n&rsquo;y a pas de voiture, ni de route, ni m\u00eame\u00a0d&rsquo;\u00e9lectricit\u00e9 ou eau courante \u00e0 proprement dit et pourtant il y a pas mal de maison.<br \/>\n<a href=\"http:\/\/www.bkl974.re\/jardin\/\/wp-content\/uploads\/2010\/10\/P1030341.jpg\" target=\"_blank\"><img loading=\"lazy\" decoding=\"async\" class=\"aligncenter size-large wp-image-1489\" title=\"P1030341\" src=\"http:\/\/www.bkl974.re\/jardin\/\/wp-content\/uploads\/2010\/10\/P1030341-800x600.jpg\" alt=\"\" width=\"640\" height=\"480\" \/><\/a><a href=\"http:\/\/www.bkl974.re\/jardin\/\/wp-content\/uploads\/2010\/10\/P1030353.jpg\" target=\"_blank\"><img loading=\"lazy\" decoding=\"async\" class=\"aligncenter size-large wp-image-1490\" title=\"P1030353\" src=\"http:\/\/www.bkl974.re\/jardin\/\/wp-content\/uploads\/2010\/10\/P1030353-800x600.jpg\" alt=\"\" width=\"640\" height=\"480\" \/><\/a><a href=\"http:\/\/www.bkl974.re\/jardin\/\/wp-content\/uploads\/2010\/10\/P1030355.jpg\" target=\"_blank\"><img loading=\"lazy\" decoding=\"async\" class=\"aligncenter size-large wp-image-1491\" title=\"P1030355\" src=\"http:\/\/www.bkl974.re\/jardin\/\/wp-content\/uploads\/2010\/10\/P1030355-800x600.jpg\" alt=\"\" width=\"640\" height=\"480\" \/><\/a><a href=\"http:\/\/www.bkl974.re\/jardin\/\/wp-content\/uploads\/2010\/10\/P1030357.jpg\" target=\"_blank\"><img loading=\"lazy\" decoding=\"async\" class=\"aligncenter size-large wp-image-1492\" title=\"P1030357\" src=\"http:\/\/www.bkl974.re\/jardin\/\/wp-content\/uploads\/2010\/10\/P1030357-800x600.jpg\" alt=\"\" width=\"640\" height=\"480\" \/><\/a><a href=\"http:\/\/www.bkl974.re\/jardin\/\/wp-content\/uploads\/2010\/10\/P1030352.jpg\" target=\"_blank\"><img loading=\"lazy\" decoding=\"async\" class=\"aligncenter size-large wp-image-1497\" title=\"P1030352\" src=\"http:\/\/www.bkl974.re\/jardin\/\/wp-content\/uploads\/2010\/10\/P1030352-800x600.jpg\" alt=\"\" width=\"640\" height=\"480\" \/><\/a><a href=\"http:\/\/www.bkl974.re\/jardin\/\/wp-content\/uploads\/2010\/10\/P1030363.jpg\" target=\"_blank\"><img loading=\"lazy\" decoding=\"async\" class=\"aligncenter size-large wp-image-1493\" title=\"P1030363\" src=\"http:\/\/www.bkl974.re\/jardin\/\/wp-content\/uploads\/2010\/10\/P1030363-800x600.jpg\" alt=\"\" width=\"640\" height=\"480\" \/><\/a><a href=\"http:\/\/www.bkl974.re\/jardin\/\/wp-content\/uploads\/2010\/10\/P1030365.jpg\" target=\"_blank\"><img loading=\"lazy\" decoding=\"async\" class=\"aligncenter size-large wp-image-1494\" title=\"P1030365\" src=\"http:\/\/www.bkl974.re\/jardin\/\/wp-content\/uploads\/2010\/10\/P1030365-800x600.jpg\" alt=\"\" width=\"640\" height=\"480\" \/><\/a> <a href=\"http:\/\/www.bkl974.re\/jardin\/\/wp-content\/uploads\/2010\/10\/P1030320.jpg\" target=\"_blank\"><img loading=\"lazy\" decoding=\"async\" class=\"aligncenter size-large wp-image-1495\" title=\"P1030320\" src=\"http:\/\/www.bkl974.re\/jardin\/\/wp-content\/uploads\/2010\/10\/P1030320-800x600.jpg\" alt=\"\" width=\"640\" height=\"480\" \/><\/a><a href=\"http:\/\/www.bkl974.re\/jardin\/\/wp-content\/uploads\/2010\/10\/P1030345.jpg\" target=\"_blank\"><img loading=\"lazy\" decoding=\"async\" class=\"aligncenter size-large wp-image-1496\" title=\"P1030345\" src=\"http:\/\/www.bkl974.re\/jardin\/\/wp-content\/uploads\/2010\/10\/P1030345-800x600.jpg\" alt=\"\" width=\"640\" height=\"480\" \/><\/a>le point de vue lui m\u00eame<br \/>\n<a href=\"http:\/\/www.bkl974.re\/jardin\/\/wp-content\/uploads\/2010\/10\/P1030324.jpg\" target=\"_blank\"><img loading=\"lazy\" decoding=\"async\" class=\"aligncenter size-large wp-image-1498\" title=\"P1030324\" src=\"http:\/\/www.bkl974.re\/jardin\/\/wp-content\/uploads\/2010\/10\/P1030324-800x600.jpg\" alt=\"\" width=\"640\" height=\"480\" \/><\/a>et m\u00eame un bout de parking elle est ou titine? Ah c&rsquo;est bon elle est la=)<br \/>\n<a href=\"http:\/\/www.bkl974.re\/jardin\/\/wp-content\/uploads\/2010\/10\/P1030336.jpg\" target=\"_blank\"><img loading=\"lazy\" decoding=\"async\" class=\"aligncenter size-large wp-image-1499\" title=\"P1030336\" src=\"http:\/\/www.bkl974.re\/jardin\/\/wp-content\/uploads\/2010\/10\/P1030336-800x600.jpg\" alt=\"\" width=\"640\" height=\"480\" \/><\/a>en bas \u00e7a ne se d\u00e9couvre pas pfff de l&rsquo;autre cot\u00e9 aussi c&rsquo;est joli! non ce n&rsquo;est pas de la fum\u00e9e<br \/>\n<a href=\"http:\/\/www.bkl974.re\/jardin\/\/wp-content\/uploads\/2010\/10\/P1030370.jpg\" target=\"_blank\"><img loading=\"lazy\" decoding=\"async\" class=\"aligncenter size-large wp-image-1500\" title=\"P1030370\" src=\"http:\/\/www.bkl974.re\/jardin\/\/wp-content\/uploads\/2010\/10\/P1030370-800x449.jpg\" alt=\"\" width=\"640\" height=\"359\" \/><\/a>une derni\u00e8re du Port et c&rsquo;est bon=)<br \/>\n<a href=\"http:\/\/www.bkl974.re\/jardin\/\/wp-content\/uploads\/2010\/10\/P1030390.jpg\" target=\"_blank\"><img loading=\"lazy\" decoding=\"async\" class=\"aligncenter size-large wp-image-1501\" title=\"P1030390\" src=\"http:\/\/www.bkl974.re\/jardin\/\/wp-content\/uploads\/2010\/10\/P1030390-800x600.jpg\" alt=\"\" width=\"640\" height=\"480\" \/><\/a>et j&rsquo;ai quitt\u00e9 le Ma\u00efdo!<br \/>\napr\u00e8s je suis parti dans la for\u00eat du tevelav par sa route\u00a0foresti\u00e8re\u00a0qui croise celle du ma\u00efdo quelques km plus bas&#8230;.<\/em><\/span><\/p>\n<p><em> <\/em><\/p>\n<p><span style=\"font-size: small;\"><span style=\"text-decoration: underline;\">C&rsquo;\u00e9tait donc la mise en bouche.<\/span> Le tri des photos pour la seconde partie n&rsquo;est pas encore fini.il y a bien 40km de route foresti\u00e8re \u00e0 suivre. Je vous mets d\u00e9j\u00e0 un peu dans l&rsquo;ambiance du d\u00e9but du parcours  \ud83d\ude09<\/span><br \/>\n<a href=\"http:\/\/www.bkl974.re\/jardin\/\/wp-content\/uploads\/2010\/10\/fs30P1010009.jpg\" target=\"_blank\"><img loading=\"lazy\" decoding=\"async\" class=\"aligncenter size-large wp-image-1502\" title=\"fs30P1010009\" src=\"http:\/\/www.bkl974.re\/jardin\/\/wp-content\/uploads\/2010\/10\/fs30P1010009-800x600.jpg\" alt=\"\" width=\"640\" height=\"480\" \/><\/a><\/p>\n<p><br class=\"spacer_\" \/><\/p>\n<p><em> <\/em><\/p>\n","protected":false},"excerpt":{"rendered":"<p>Est ce que vous \u00eates pr\u00eat pour une balade \u00e0 l&rsquo;\u00eele de la R\u00e9union? Aujourd&rsquo;hui on a eu un temps magnifique sur toute l&rsquo;\u00eele j&rsquo;ai l&rsquo;impression=) Vers midi (je me suis lev\u00e9 tard hihi) je regarde par la fen\u00eatre en direction des montagnes et je ne vois pas un seul nuages alors ni une ni deux branlebas de combat sac \u00e0 dos, pull, gants, veste et les appareils photos et hop je saute sur titine et je roule plein Ouest au pif! En juillet j&rsquo;avais voulu aller dans les hauts de l&rsquo;ouest mais la pluie m&rsquo;avait fait rebrousser chemin et je m&rsquo;\u00e9tais retrouv\u00e9 ici: http:\/\/www.bkl974.re\/jardin\/\/?p=58 (pour ceux qui ne l&rsquo;aurait pas lu). Alors j&rsquo;ai remis \u00e7a mais sous le soleil !! Pour r\u00e9sumer je voulais juste faire un tour puisque je suis parti tard vers 13h30 et bien tout compte fait j&rsquo;ai fait quasiment 200km et de petites routes de&#8230;<\/p>\n<p> <a class=\"continue-reading-link\" href=\"http:\/\/www.bkl974.re\/jardin\/2010\/10\/10\/le-maido-et-la-foret-du-tevelav-partie-1\/\"><span>Continuer la lecture<\/span><i class=\"crycon-right-dir\"><\/i><\/a> <\/p>\n","protected":false},"author":1,"featured_media":0,"comment_status":"open","ping_status":"open","sticky":false,"template":"","format":"standard","meta":{"om_disable_all_campaigns":false,"_monsterinsights_skip_tracking":false,"_monsterinsights_sitenote_active":false,"_monsterinsights_sitenote_note":"","_monsterinsights_sitenote_category":0,"_uf_show_specific_survey":0,"_uf_disable_surveys":false,"footnotes":""},"categories":[56,7,8],"tags":[190,194,193,192,189,49,196,80,187,186,195,191,53,188,197],"class_list":["post-1475","post","type-post","status-publish","format-standard","hentry","category-balades","category-moto","category-paysages","tag-ajonc-epineux","tag-arc-en-ciel","tag-brouillard","tag-cap-la-houssaye","tag-foret","tag-ile-de-la-reunion","tag-la-nouvelle","tag-le-port","tag-mafate","tag-maido","tag-marla","tag-route-tamarins","tag-saint-paul","tag-tevelav","tag-toche-plate"],"aioseo_notices":[],"_links":{"self":[{"href":"http:\/\/www.bkl974.re\/jardin\/wp-json\/wp\/v2\/posts\/1475","targetHints":{"allow":["GET"]}}],"collection":[{"href":"http:\/\/www.bkl974.re\/jardin\/wp-json\/wp\/v2\/posts"}],"about":[{"href":"http:\/\/www.bkl974.re\/jardin\/wp-json\/wp\/v2\/types\/post"}],"author":[{"embeddable":true,"href":"http:\/\/www.bkl974.re\/jardin\/wp-json\/wp\/v2\/users\/1"}],"replies":[{"embeddable":true,"href":"http:\/\/www.bkl974.re\/jardin\/wp-json\/wp\/v2\/comments?post=1475"}],"version-history":[{"count":11,"href":"http:\/\/www.bkl974.re\/jardin\/wp-json\/wp\/v2\/posts\/1475\/revisions"}],"predecessor-version":[{"id":2980,"href":"http:\/\/www.bkl974.re\/jardin\/wp-json\/wp\/v2\/posts\/1475\/revisions\/2980"}],"wp:attachment":[{"href":"http:\/\/www.bkl974.re\/jardin\/wp-json\/wp\/v2\/media?parent=1475"}],"wp:term":[{"taxonomy":"category","embeddable":true,"href":"http:\/\/www.bkl974.re\/jardin\/wp-json\/wp\/v2\/categories?post=1475"},{"taxonomy":"post_tag","embeddable":true,"href":"http:\/\/www.bkl974.re\/jardin\/wp-json\/wp\/v2\/tags?post=1475"}],"curies":[{"name":"wp","href":"https:\/\/api.w.org\/{rel}","templated":true}]}}