{"id":1589,"date":"2010-10-19T01:50:12","date_gmt":"2010-10-18T21:50:12","guid":{"rendered":"http:\/\/www.bkl974.re\/jardin\/\/?p=1589"},"modified":"2010-11-02T15:32:50","modified_gmt":"2010-11-02T11:32:50","slug":"weekend-tranquillou","status":"publish","type":"post","link":"http:\/\/www.bkl974.re\/jardin\/2010\/10\/19\/weekend-tranquillou\/","title":{"rendered":"Weekend tranquillou"},"content":{"rendered":"<p style=\"text-align: left;\"><span style=\"font-size: small;\"><em>Ce weekend pas de grande nouvelle mise \u00e0 part un nettoyage de la moiti\u00e9 de la terrasse un peu de de\u00a0d\u00e9broussaillage\u00a0et rempotage pour que les petites soient pr\u00eates pour affronter les futures chaleurs<\/em><\/span><span style=\"font-size: small;\"><em>!<br \/>\n L&rsquo;occasion de mettre \u00a02 petites photos de la terrasse \u00e7a faisait longtemps=)<br \/>\n <a href=\"http:\/\/www.bkl974.re\/jardin\/\/wp-content\/uploads\/2010\/10\/P1010096.jpg\" target=\"_blank\"><img loading=\"lazy\" decoding=\"async\" class=\"aligncenter size-large wp-image-1590\" title=\"P1010096\" src=\"http:\/\/www.bkl974.re\/jardin\/\/wp-content\/uploads\/2010\/10\/P1010096-800x450.jpg\" alt=\"\" width=\"640\" height=\"360\" \/><\/a><a href=\"http:\/\/www.bkl974.re\/jardin\/\/wp-content\/uploads\/2010\/10\/P1010097.jpg\" target=\"_blank\"><img loading=\"lazy\" decoding=\"async\" class=\"aligncenter size-large wp-image-1591\" title=\"P1010097\" src=\"http:\/\/www.bkl974.re\/jardin\/\/wp-content\/uploads\/2010\/10\/P1010097-800x450.jpg\" alt=\"\" width=\"640\" height=\"360\" \/><\/a>Sur la premi\u00e8re photo \u00e0 droite on peut voir que mon bougainvillier relance sa floraison a peine une fini et hop \u00e7a repart=)<br \/>\n <a href=\"http:\/\/www.bkl974.re\/jardin\/\/wp-content\/uploads\/2010\/10\/P1030485.jpg\" target=\"_blank\"><img loading=\"lazy\" decoding=\"async\" class=\"aligncenter size-large wp-image-1592\" title=\"P1030485\" src=\"http:\/\/www.bkl974.re\/jardin\/\/wp-content\/uploads\/2010\/10\/P1030485-800x548.jpg\" alt=\"\" width=\"640\" height=\"438\" \/><\/a> maintenant des petites\u00a0b\u00e9b\u00eates! un\u00a0\u00a0Papilio demodocus pris le mois dernier que j&rsquo;ai gard\u00e9 sous la main pour vous montrer.<br \/>\n <a href=\"http:\/\/www.bkl974.re\/jardin\/\/wp-content\/uploads\/2010\/10\/P1020958.jpg\" target=\"_blank\"><img loading=\"lazy\" decoding=\"async\" class=\"aligncenter size-large wp-image-1593\" title=\"P1020958\" src=\"http:\/\/www.bkl974.re\/jardin\/\/wp-content\/uploads\/2010\/10\/P1020958-800x600.jpg\" alt=\"\" width=\"640\" height=\"480\" \/><\/a> <a href=\"http:\/\/www.bkl974.re\/jardin\/\/wp-content\/uploads\/2010\/10\/P1020961.jpg\" target=\"_blank\"><img loading=\"lazy\" decoding=\"async\" class=\"aligncenter size-large wp-image-1594\" title=\"P1020961\" src=\"http:\/\/www.bkl974.re\/jardin\/\/wp-content\/uploads\/2010\/10\/P1020961-800x600.jpg\" alt=\"\" width=\"640\" height=\"480\" \/><\/a><a href=\"http:\/\/www.bkl974.re\/jardin\/\/wp-content\/uploads\/2010\/10\/P1020965.jpg\" target=\"_blank\"><img loading=\"lazy\" decoding=\"async\" class=\"aligncenter size-large wp-image-1595\" title=\"P1020965\" src=\"http:\/\/www.bkl974.re\/jardin\/\/wp-content\/uploads\/2010\/10\/P1020965-800x600.jpg\" alt=\"\" width=\"640\" height=\"480\" \/><\/a>les cardinals mi septembre il ressemblaient pour la plupart \u00e0 \u00e7a sur le manguier en fleur du voisin:<br \/>\n <a href=\"http:\/\/www.bkl974.re\/jardin\/\/wp-content\/uploads\/2010\/10\/P1020995.jpg\" target=\"_blank\"><img loading=\"lazy\" decoding=\"async\" class=\"aligncenter size-large wp-image-1596\" title=\"P1020995\" src=\"http:\/\/www.bkl974.re\/jardin\/\/wp-content\/uploads\/2010\/10\/P1020995-800x600.jpg\" alt=\"\" width=\"640\" height=\"480\" \/><\/a> Aujourd&rsquo;hui ils ont pris des couleurs il fait donc plus chaud \u00e7a commence&#8230;.=)<br \/>\n <a href=\"http:\/\/www.bkl974.re\/jardin\/\/wp-content\/uploads\/2010\/10\/P1030544.jpg\" target=\"_blank\"><img loading=\"lazy\" decoding=\"async\" class=\"aligncenter size-large wp-image-1597\" title=\"P1030544\" src=\"http:\/\/www.bkl974.re\/jardin\/\/wp-content\/uploads\/2010\/10\/P1030544-800x600.jpg\" alt=\"\" width=\"640\" height=\"480\" \/><\/a><a href=\"http:\/\/www.bkl974.re\/jardin\/\/wp-content\/uploads\/2010\/10\/P1030580.jpg\" target=\"_blank\"><img loading=\"lazy\" decoding=\"async\" class=\"aligncenter size-large wp-image-1598\" title=\"P1030580\" src=\"http:\/\/www.bkl974.re\/jardin\/\/wp-content\/uploads\/2010\/10\/P1030580-800x600.jpg\" alt=\"\" width=\"640\" height=\"480\" \/><\/a>J&rsquo;esp\u00e8re pouvoir en photographier quant t&rsquo;ils seront tout rouge!!<\/em><\/span><\/p>\n<p><em> <\/em><\/p>\n<p><em><span style=\"font-size: small;\">Sinon j&rsquo;ai fais une petite ballade avec 2 potes \u00e0 moto mais sous un temps incertain!<br \/>\n La seule que je ram\u00e8ne c&rsquo;est celle la! Saint-Denis pris dans les rampes de la montagne<\/span><a href=\"http:\/\/maps.google.fr\/maps?q=-20.887743,55.441078&amp;num=1&amp;t=k&amp;sll=46.75984,1.738281&amp;sspn=7.619431,12.941406&amp;ie=UTF8&amp;ll=-20.887122,55.440531&amp;spn=0.005633,0.009645&amp;z=17\" target=\"_blank\"><span style=\"font-size: small;\"> point google:<\/span><\/a><br \/>\n <a href=\"http:\/\/www.bkl974.re\/jardin\/\/wp-content\/uploads\/2010\/10\/saint-denis-17.10.10.2048.jpg\" target=\"_blank\"><img loading=\"lazy\" decoding=\"async\" class=\"aligncenter size-large wp-image-1599\" title=\"saint-denis-17.10.10.2048\" src=\"http:\/\/www.bkl974.re\/jardin\/\/wp-content\/uploads\/2010\/10\/saint-denis-17.10.10.2048-800x201.jpg\" alt=\"\" width=\"640\" height=\"160\" \/><\/a><span style=\"font-size: small;\">On en parlera bient\u00f4t de Saint-Denis<\/span><br \/>\n <\/em><\/p>\n","protected":false},"excerpt":{"rendered":"<p>Ce weekend pas de grande nouvelle mise \u00e0 part un nettoyage de la moiti\u00e9 de la terrasse un peu de de\u00a0d\u00e9broussaillage\u00a0et rempotage pour que les petites soient pr\u00eates pour affronter les futures chaleurs! L&rsquo;occasion de mettre \u00a02 petites photos de la terrasse \u00e7a faisait longtemps=) Sur la premi\u00e8re photo \u00e0 droite on peut voir que mon bougainvillier relance sa floraison a peine une fini et hop \u00e7a repart=) maintenant des petites\u00a0b\u00e9b\u00eates! un\u00a0\u00a0Papilio demodocus pris le mois dernier que j&rsquo;ai gard\u00e9 sous la main pour vous montrer. les cardinals mi septembre il ressemblaient pour la plupart \u00e0 \u00e7a sur le manguier en fleur du voisin: Aujourd&rsquo;hui ils ont pris des couleurs il fait donc plus chaud \u00e7a commence&#8230;.=) J&rsquo;esp\u00e8re pouvoir en photographier quant t&rsquo;ils seront tout rouge!! Sinon j&rsquo;ai fais une petite ballade avec 2 potes \u00e0 moto mais sous un temps incertain! La seule que je ram\u00e8ne c&rsquo;est celle la!&#8230;<\/p>\n<p> <a class=\"continue-reading-link\" href=\"http:\/\/www.bkl974.re\/jardin\/2010\/10\/19\/weekend-tranquillou\/\"><span>Continuer la lecture<\/span><i class=\"crycon-right-dir\"><\/i><\/a> <\/p>\n","protected":false},"author":1,"featured_media":0,"comment_status":"open","ping_status":"open","sticky":false,"template":"","format":"standard","meta":{"om_disable_all_campaigns":false,"_monsterinsights_skip_tracking":false,"_monsterinsights_sitenote_active":false,"_monsterinsights_sitenote_note":"","_monsterinsights_sitenote_category":0,"_uf_show_specific_survey":0,"_uf_disable_surveys":false,"footnotes":""},"categories":[56,3],"tags":[72,49,208,141,207,81],"class_list":["post-1589","post","type-post","status-publish","format-standard","hentry","category-balades","category-jardin-balcon","tag-bougainvillier","tag-ile-de-la-reunion","tag-jardin","tag-papilio-demodocus","tag-saint-denis","tag-terrasse"],"aioseo_notices":[],"_links":{"self":[{"href":"http:\/\/www.bkl974.re\/jardin\/wp-json\/wp\/v2\/posts\/1589","targetHints":{"allow":["GET"]}}],"collection":[{"href":"http:\/\/www.bkl974.re\/jardin\/wp-json\/wp\/v2\/posts"}],"about":[{"href":"http:\/\/www.bkl974.re\/jardin\/wp-json\/wp\/v2\/types\/post"}],"author":[{"embeddable":true,"href":"http:\/\/www.bkl974.re\/jardin\/wp-json\/wp\/v2\/users\/1"}],"replies":[{"embeddable":true,"href":"http:\/\/www.bkl974.re\/jardin\/wp-json\/wp\/v2\/comments?post=1589"}],"version-history":[{"count":8,"href":"http:\/\/www.bkl974.re\/jardin\/wp-json\/wp\/v2\/posts\/1589\/revisions"}],"predecessor-version":[{"id":1722,"href":"http:\/\/www.bkl974.re\/jardin\/wp-json\/wp\/v2\/posts\/1589\/revisions\/1722"}],"wp:attachment":[{"href":"http:\/\/www.bkl974.re\/jardin\/wp-json\/wp\/v2\/media?parent=1589"}],"wp:term":[{"taxonomy":"category","embeddable":true,"href":"http:\/\/www.bkl974.re\/jardin\/wp-json\/wp\/v2\/categories?post=1589"},{"taxonomy":"post_tag","embeddable":true,"href":"http:\/\/www.bkl974.re\/jardin\/wp-json\/wp\/v2\/tags?post=1589"}],"curies":[{"name":"wp","href":"https:\/\/api.w.org\/{rel}","templated":true}]}}