{"id":1608,"date":"2010-10-25T01:43:56","date_gmt":"2010-10-24T21:43:56","guid":{"rendered":"http:\/\/www.bkl974.re\/jardin\/\/?p=1608"},"modified":"2010-10-25T01:48:47","modified_gmt":"2010-10-24T21:48:47","slug":"ravitaillement","status":"publish","type":"post","link":"http:\/\/www.bkl974.re\/jardin\/2010\/10\/25\/ravitaillement\/","title":{"rendered":"Ravitaillement"},"content":{"rendered":"<p style=\"text-align: left;\"><span style=\"font-size: small;\"><em>Pas de grande ballade ce weekend il faut laisser le temps au corps de se r\u00e9habituer aux premi\u00e8res chaleurs! Un bon dimanche \u00e0 jardiner sous le soleil suffira =)<br \/>\n Je commence par 2 photos que j&rsquo;aime bien la premi\u00e8re des graines de conflor je commence \u00e0 en avoir beaucoup j&rsquo;ai les r\u00e9serves\u00a0\u00e7a\u00a0y est!<br \/>\n <a href=\"http:\/\/www.bkl974.re\/jardin\/\/wp-content\/uploads\/2010\/10\/fs30P1010216.jpg\" target=\"_blank\"><img loading=\"lazy\" decoding=\"async\" class=\"aligncenter size-large wp-image-1609\" title=\"fs30P1010216\" src=\"http:\/\/www.bkl974.re\/jardin\/\/wp-content\/uploads\/2010\/10\/fs30P1010216-800x600.jpg\" alt=\"\" width=\"640\" height=\"480\" \/><\/a> celle la c&rsquo;est pour le plaisir on aper\u00e7oie encore une mouche charbon pas sur le vanillier cette fois je ne dis pas le nom de l&rsquo;arbre d&rsquo;ailleurs si vous trouvez=)<br \/>\n <a href=\"http:\/\/www.bkl974.re\/jardin\/\/wp-content\/uploads\/2010\/10\/P1030593.jpg\" target=\"_blank\"><img loading=\"lazy\" decoding=\"async\" class=\"aligncenter size-large wp-image-1611\" title=\"P1030593\" src=\"http:\/\/www.bkl974.re\/jardin\/\/wp-content\/uploads\/2010\/10\/P1030593-800x521.jpg\" alt=\"\" width=\"640\" height=\"416\" \/><\/a> Le titre c&rsquo;est \u00ab\u00a0ravitaillement oui mais de quoi? Et bien de miel=)<br \/>\n on en avait plus! on \u00e9tait mont\u00e9 \u00e0 Dos d&rsquo;Ane pour rendre visite aux abeilles il y a un bon mois en plein hiver il n y avait pas grand chose les petites butineuses s&rsquo;\u00e9taient servies avant notre passage . Elles ont faim aussi on ne peut leur en vouloir.<br \/>\n En fin\u00a0apr\u00e8s-midi j&rsquo;ai l&rsquo;id\u00e9e d&rsquo;aller voir la ruche\u00a0\u00a0et on a enfourch\u00e9 les motos! direction la maison de Dosd&rsquo;Ane<br \/>\n <a href=\"http:\/\/www.bkl974.re\/jardin\/\/wp-content\/uploads\/2010\/10\/P1030605.jpg\" target=\"_blank\"><img loading=\"lazy\" decoding=\"async\" class=\"aligncenter size-large wp-image-1612\" title=\"P1030605\" src=\"http:\/\/www.bkl974.re\/jardin\/\/wp-content\/uploads\/2010\/10\/P1030605-800x600.jpg\" alt=\"\" width=\"640\" height=\"480\" \/><\/a> On est parti un peu vite et on se retrouve la haut avec une combi pour trois=) donc c&rsquo;est Tiboeuf qui s&rsquo;y colle hihi<br \/>\n Et bien belle surprise en ce d\u00e9but d&rsquo;\u00e9t\u00e9 elles ont d\u00e9j\u00e0 bien travaill\u00e9 la ruche est pleine <img src=\"http:\/\/www.bkl974.re\/jardin\/wp-includes\/images\/smilies\/mrgreen.png\" alt=\":mrgreen:\" class=\"wp-smiley\" style=\"height: 1em; max-height: 1em;\" \/> \u00a0<br \/>\n <a href=\"http:\/\/www.bkl974.re\/jardin\/\/wp-content\/uploads\/2010\/10\/P1030609.jpg\" target=\"_blank\"><img loading=\"lazy\" decoding=\"async\" class=\"aligncenter size-large wp-image-1613\" title=\"P1030609\" src=\"http:\/\/www.bkl974.re\/jardin\/\/wp-content\/uploads\/2010\/10\/P1030609-800x600.jpg\" alt=\"\" width=\"640\" height=\"480\" \/><\/a> <a href=\"http:\/\/www.bkl974.re\/jardin\/\/wp-content\/uploads\/2010\/10\/P1030620.jpg\" target=\"_blank\"><img loading=\"lazy\" decoding=\"async\" class=\"aligncenter size-large wp-image-1614\" title=\"P1030620\" src=\"http:\/\/www.bkl974.re\/jardin\/\/wp-content\/uploads\/2010\/10\/P1030620-800x600.jpg\" alt=\"\" width=\"640\" height=\"480\" \/><\/a>On \u00a0pris \u00e7a pour nous=) bon on \u00e9tait pas \u00e9quip\u00e9 pour redescendre avec plus en moto donc&#8230;Mais un r\u00e9gal avec les litchis en fleur un d\u00e9lice!<br \/>\n <a href=\"http:\/\/www.bkl974.re\/jardin\/\/wp-content\/uploads\/2010\/10\/P1030634.jpg\" target=\"_blank\"><img loading=\"lazy\" decoding=\"async\" class=\"aligncenter size-large wp-image-1615\" title=\"P1030634\" src=\"http:\/\/www.bkl974.re\/jardin\/\/wp-content\/uploads\/2010\/10\/P1030634-800x600.jpg\" alt=\"\" width=\"640\" height=\"480\" \/><\/a> Quelques clich\u00e9s et zou&#8230;.un cardinal en contre jour mais il sont d\u00e9j\u00e0 plus rouge que sur la cote!<br \/>\n <a href=\"http:\/\/www.bkl974.re\/jardin\/\/wp-content\/uploads\/2010\/10\/P10306031.jpg\" target=\"_blank\"><img loading=\"lazy\" decoding=\"async\" class=\"aligncenter size-large wp-image-1616\" title=\"P1030603\" src=\"http:\/\/www.bkl974.re\/jardin\/\/wp-content\/uploads\/2010\/10\/P10306031-800x600.jpg\" alt=\"\" width=\"640\" height=\"480\" \/><\/a> Une\u00a0d\u00e9dicace\u00a0pour Plantine elle les aime! Tu vois \u00e7a repousse on avait pourtant presque tout\u00a0enlev\u00e9\u00a0la derni\u00e8re fois<br \/>\n <a href=\"http:\/\/www.bkl974.re\/jardin\/\/wp-content\/uploads\/2010\/10\/P1030637.jpg\" target=\"_blank\"><img loading=\"lazy\" decoding=\"async\" class=\"aligncenter size-large wp-image-1617\" title=\"P1030637\" src=\"http:\/\/www.bkl974.re\/jardin\/\/wp-content\/uploads\/2010\/10\/P1030637-800x600.jpg\" alt=\"\" width=\"640\" height=\"480\" \/><\/a><a href=\"http:\/\/www.bkl974.re\/jardin\/\/wp-content\/uploads\/2010\/10\/P1030638.jpg\" target=\"_blank\"><img loading=\"lazy\" decoding=\"async\" class=\"aligncenter size-large wp-image-1618\" title=\"P1030638\" src=\"http:\/\/www.bkl974.re\/jardin\/\/wp-content\/uploads\/2010\/10\/P1030638-800x600.jpg\" alt=\"\" width=\"640\" height=\"480\" \/><\/a>Et je finirai la dessus que je\u00a0trouve\u00a0tr\u00e8s jolie mais j&rsquo;ignore toujours son nom!<br \/>\n <a href=\"http:\/\/www.bkl974.re\/jardin\/\/wp-content\/uploads\/2010\/10\/P1030639.jpg\" target=\"_blank\"><img loading=\"lazy\" decoding=\"async\" class=\"aligncenter size-large wp-image-1619\" title=\"P1030639\" src=\"http:\/\/www.bkl974.re\/jardin\/\/wp-content\/uploads\/2010\/10\/P1030639-800x600.jpg\" alt=\"\" width=\"640\" height=\"480\" \/><\/a><br \/>\n <\/em><\/span><\/p>\n<p style=\"text-align: center;\"><span style=\"font-size: small;\"><em> <\/em><\/span><\/p>\n","protected":false},"excerpt":{"rendered":"<p>Pas de grande ballade ce weekend il faut laisser le temps au corps de se r\u00e9habituer aux premi\u00e8res chaleurs! Un bon dimanche \u00e0 jardiner sous le soleil suffira =) Je commence par 2 photos que j&rsquo;aime bien la premi\u00e8re des graines de conflor je commence \u00e0 en avoir beaucoup j&rsquo;ai les r\u00e9serves\u00a0\u00e7a\u00a0y est! celle la c&rsquo;est pour le plaisir on aper\u00e7oie encore une mouche charbon pas sur le vanillier cette fois je ne dis pas le nom de l&rsquo;arbre d&rsquo;ailleurs si vous trouvez=) Le titre c&rsquo;est \u00ab\u00a0ravitaillement oui mais de quoi? Et bien de miel=) on en avait plus! on \u00e9tait mont\u00e9 \u00e0 Dos d&rsquo;Ane pour rendre visite aux abeilles il y a un bon mois en plein hiver il n y avait pas grand chose les petites butineuses s&rsquo;\u00e9taient servies avant notre passage . Elles ont faim aussi on ne peut leur en vouloir. En fin\u00a0apr\u00e8s-midi j&rsquo;ai l&rsquo;id\u00e9e d&rsquo;aller&#8230;<\/p>\n<p> <a class=\"continue-reading-link\" href=\"http:\/\/www.bkl974.re\/jardin\/2010\/10\/25\/ravitaillement\/\"><span>Continuer la lecture<\/span><i class=\"crycon-right-dir\"><\/i><\/a> <\/p>\n","protected":false},"author":1,"featured_media":0,"comment_status":"open","ping_status":"open","sticky":false,"template":"","format":"standard","meta":{"om_disable_all_campaigns":false,"_monsterinsights_skip_tracking":false,"_monsterinsights_sitenote_active":false,"_monsterinsights_sitenote_note":"","_monsterinsights_sitenote_category":0,"_uf_show_specific_survey":0,"_uf_disable_surveys":false,"footnotes":""},"categories":[6,3],"tags":[209,33,111,49,210,104],"class_list":["post-1608","post","type-post","status-publish","format-standard","hentry","category-abeilles","category-jardin-balcon","tag-abeille","tag-cardinal","tag-conflor","tag-ile-de-la-reunion","tag-miel","tag-mouche-charbon"],"aioseo_notices":[],"_links":{"self":[{"href":"http:\/\/www.bkl974.re\/jardin\/wp-json\/wp\/v2\/posts\/1608","targetHints":{"allow":["GET"]}}],"collection":[{"href":"http:\/\/www.bkl974.re\/jardin\/wp-json\/wp\/v2\/posts"}],"about":[{"href":"http:\/\/www.bkl974.re\/jardin\/wp-json\/wp\/v2\/types\/post"}],"author":[{"embeddable":true,"href":"http:\/\/www.bkl974.re\/jardin\/wp-json\/wp\/v2\/users\/1"}],"replies":[{"embeddable":true,"href":"http:\/\/www.bkl974.re\/jardin\/wp-json\/wp\/v2\/comments?post=1608"}],"version-history":[{"count":6,"href":"http:\/\/www.bkl974.re\/jardin\/wp-json\/wp\/v2\/posts\/1608\/revisions"}],"predecessor-version":[{"id":1623,"href":"http:\/\/www.bkl974.re\/jardin\/wp-json\/wp\/v2\/posts\/1608\/revisions\/1623"}],"wp:attachment":[{"href":"http:\/\/www.bkl974.re\/jardin\/wp-json\/wp\/v2\/media?parent=1608"}],"wp:term":[{"taxonomy":"category","embeddable":true,"href":"http:\/\/www.bkl974.re\/jardin\/wp-json\/wp\/v2\/categories?post=1608"},{"taxonomy":"post_tag","embeddable":true,"href":"http:\/\/www.bkl974.re\/jardin\/wp-json\/wp\/v2\/tags?post=1608"}],"curies":[{"name":"wp","href":"https:\/\/api.w.org\/{rel}","templated":true}]}}