{"id":1739,"date":"2010-11-08T23:45:34","date_gmt":"2010-11-08T19:45:34","guid":{"rendered":"http:\/\/www.bkl974.re\/jardin\/\/?p=1739"},"modified":"2010-11-11T00:09:15","modified_gmt":"2010-11-10T20:09:15","slug":"quelques-couleurs-et-pas-de-jaloux","status":"publish","type":"post","link":"http:\/\/www.bkl974.re\/jardin\/2010\/11\/08\/quelques-couleurs-et-pas-de-jaloux\/","title":{"rendered":"Quelques couleurs et pas de jaloux"},"content":{"rendered":"<p style=\"text-align: left;\"><span style=\"font-size: small;\"><em><span><span style=\"font-size: small;\">\u00c7a\u00a0fait un petit moment que je n&rsquo;ai pas mis des photos prises entre midi et deux!!<\/span><\/span><span style=\"font-size: small;\"><br \/>\n <span style=\"font-size: small;\">Je vais chercher la <\/span><span style=\"line-height: 19px;\">bectance<\/span><span><span style=\"font-size: small;\"> APN en poche et au feu rouge je shoot, je pr\u00e9cise feu rouge car je ne suis pas \u00e0 pied mais sur titine comme d&rsquo;hab=) D&rsquo;ailleurs je suis <\/span><\/span><span style=\"line-height: 19px;\"><span style=\"font-size: small;\">extr\u00eamement<\/span><\/span><span><span style=\"font-size: small;\"> rarement \u00e0 pied ce n&rsquo;est pas trop mon truc je bouge d\u00e9j\u00e0 assez comme \u00e7a tous les jours! Bon apr\u00e8s la marche en ville et les randonn\u00e9es de montagne c&rsquo;est diff\u00e9rent!<br \/>\n <\/span><\/span><span style=\"font-size: small;\"><span><span style=\"font-size: small;\">Commen\u00e7ons par \u00e7a: un <\/span><\/span><span style=\"line-height: 15px;\"><span style=\"font-size: small;\">morceau<\/span><\/span><span><span style=\"font-size: small;\"> d&rsquo;une <\/span><\/span><span style=\"line-height: 19px;\"><span style=\"font-size: small;\">devanture<\/span><\/span><span><span style=\"font-size: small;\"> d&rsquo;une banque (si vous regardez bien le cocotier sur la droite vous remarquerez que le vent souffle un peu)<br \/>\n <\/span><\/span><\/span><a href=\"http:\/\/www.bkl974.re\/jardin\/\/wp-content\/uploads\/2010\/11\/fs30P1010462.jpg\" target=\"_blank\"><img loading=\"lazy\" decoding=\"async\" class=\"aligncenter size-large wp-image-1740\" title=\"fs30P1010462\" src=\"http:\/\/www.bkl974.re\/jardin\/\/wp-content\/uploads\/2010\/11\/fs30P1010462-800x450.jpg\" alt=\"\" width=\"640\" height=\"360\" \/><\/a><span style=\"font-size: small;\">Puis comme j&rsquo;\u00e9tais dans le coin j&rsquo;ai repris mon caoutchouc favoris ficus elastica en photo(non c&rsquo;est en un <strong>Ficus <\/strong><em><strong>benghalensis<\/strong> merci <span style=\"text-decoration: underline;\">Plantine<\/span>)<\/em>. Je l&rsquo;avais photographi\u00e9 il y a quelques mois de l&rsquo;autre cot\u00e9 du rond point mais sans pouvoir le prendre en entier avec mon vieux pentax qui n&rsquo;est pas grand angle=) La \u00e7a passe:<br \/>\n <\/span><a href=\"http:\/\/www.bkl974.re\/jardin\/\/wp-content\/uploads\/2010\/11\/fs30P1010463.jpg\" target=\"_blank\"><img loading=\"lazy\" decoding=\"async\" class=\"aligncenter size-large wp-image-1741\" title=\"fs30P1010463\" src=\"http:\/\/www.bkl974.re\/jardin\/\/wp-content\/uploads\/2010\/11\/fs30P1010463-800x450.jpg\" alt=\"\" width=\"640\" height=\"360\" \/><\/a><span style=\"font-size: small;\">On a des bougainvilliers \u00e0 chaque coin de rue alors je ne m&rsquo;en prive pas:<br \/>\n <\/span><a href=\"http:\/\/www.bkl974.re\/jardin\/\/wp-content\/uploads\/2010\/11\/criosement-leon-lepervanche-et-sadi-carnot.jpg\" target=\"_blank\"><img loading=\"lazy\" decoding=\"async\" class=\"aligncenter size-large wp-image-1742\" title=\"criosement leon lepervanche et sadi carnot\" src=\"http:\/\/www.bkl974.re\/jardin\/\/wp-content\/uploads\/2010\/11\/criosement-leon-lepervanche-et-sadi-carnot-800x276.jpg\" alt=\"\" width=\"640\" height=\"220\" \/><\/a><span style=\"font-size: small;\"><span><span style=\"font-size: small;\">J&rsquo;ai aussi repris en photo la maison du weekend dernier mais sous un autre angle, maison que j&rsquo;ai baptis\u00e9 :la maison aux bougainvilliers =)<\/span><\/span><br \/>\n <a style=\"font-size: small;\" href=\"http:\/\/www.bkl974.re\/jardin\/\/wp-content\/uploads\/2010\/11\/maison-aux-bougainvilliers.jpg\" target=\"_blank\"><img loading=\"lazy\" decoding=\"async\" class=\"aligncenter size-large wp-image-1743\" title=\"maison aux bougainvilliers\" src=\"http:\/\/www.bkl974.re\/jardin\/\/wp-content\/uploads\/2010\/11\/maison-aux-bougainvilliers-800x467.jpg\" alt=\"\" width=\"640\" height=\"373\" \/><\/a><span><span style=\"font-size: small;\">Dans le titre de l&rsquo;article j&rsquo;\u00e9crivais pas de jaloux! je vous ai d\u00e9j\u00e0 montr\u00e9 notre \u00e9glise, notre temple malbar voici notre mosqu\u00e9e. <br \/>\n <a href=\"http:\/\/www.bkl974.re\/jardin\/\/wp-content\/uploads\/2010\/11\/mosqu\u00e9e-du_port.jpg\" target=\"_blank\"><img loading=\"lazy\" decoding=\"async\" class=\"aligncenter size-large wp-image-1744\" title=\"mosqu\u00e9e-du_port\" src=\"http:\/\/www.bkl974.re\/jardin\/\/wp-content\/uploads\/2010\/11\/mosqu\u00e9e-du_port-800x509.jpg\" alt=\"\" width=\"640\" height=\"407\" \/><\/a>Je ne suis ni chr\u00e9tien, ni musulman, ni hindou peut \u00eatre plut\u00f4t un peu tout \u00e0 la fois, et chaque jour j&rsquo;aime entendre les sons de cloche de l&rsquo;\u00e9glise, l&rsquo;appel \u00e0 la pri\u00e8re de la mosqu\u00e9e et les tambours des temples malbar et malgache. <\/span><\/span><span style=\"line-height: 19px;\"><span style=\"font-size: small;\">\u00c7a<\/span><\/span><span><span style=\"font-size: small;\"> me rappelle que je suis chez moi. En M\u00e9tropole on ne peut entendre que les cloches. Ici on a droit \u00e0 tout en m\u00eame temps.<br \/>\n <\/span><\/span><br \/>\n <span style=\"font-size: small;\">Je finirai sur les derniers rayons de soleil de cette journ\u00e9e sur les plantes suspendues qui me renvoient de belles couleurs<\/span><br \/>\n <a href=\"http:\/\/www.bkl974.re\/jardin\/\/wp-content\/uploads\/2010\/11\/P1030756.jpg\" target=\"_blank\"><img loading=\"lazy\" decoding=\"async\" class=\"aligncenter size-large wp-image-1745\" title=\"P1030756\" src=\"http:\/\/www.bkl974.re\/jardin\/\/wp-content\/uploads\/2010\/11\/P1030756-800x600.jpg\" alt=\"\" width=\"640\" height=\"480\" \/><\/a><a href=\"http:\/\/www.bkl974.re\/jardin\/\/wp-content\/uploads\/2010\/11\/P1030764.jpg\" target=\"_blank\"><img loading=\"lazy\" decoding=\"async\" class=\"aligncenter size-large wp-image-1746\" title=\"P1030764\" src=\"http:\/\/www.bkl974.re\/jardin\/\/wp-content\/uploads\/2010\/11\/P1030764-800x600.jpg\" alt=\"\" width=\"640\" height=\"480\" \/><\/a><span style=\"font-size: small;\">Depuis que je les ai accroch\u00e9 la haut mes g\u00e9raniums me le rendent bien \ud83d\ude09 <br \/>\n <\/span>A plus tard&#8230;.<br \/>\n <\/span><br \/>\n <span style=\"font-size: x-small;\"> <\/span><\/span><\/em><\/span><\/p>\n","protected":false},"excerpt":{"rendered":"<p>\u00c7a\u00a0fait un petit moment que je n&rsquo;ai pas mis des photos prises entre midi et deux!! Je vais chercher la bectance APN en poche et au feu rouge je shoot, je pr\u00e9cise feu rouge car je ne suis pas \u00e0 pied mais sur titine comme d&rsquo;hab=) D&rsquo;ailleurs je suis extr\u00eamement rarement \u00e0 pied ce n&rsquo;est pas trop mon truc je bouge d\u00e9j\u00e0 assez comme \u00e7a tous les jours! Bon apr\u00e8s la marche en ville et les randonn\u00e9es de montagne c&rsquo;est diff\u00e9rent! Commen\u00e7ons par \u00e7a: un morceau d&rsquo;une devanture d&rsquo;une banque (si vous regardez bien le cocotier sur la droite vous remarquerez que le vent souffle un peu) Puis comme j&rsquo;\u00e9tais dans le coin j&rsquo;ai repris mon caoutchouc favoris ficus elastica en photo(non c&rsquo;est en un Ficus benghalensis merci Plantine). Je l&rsquo;avais photographi\u00e9 il y a quelques mois de l&rsquo;autre cot\u00e9 du rond point mais sans pouvoir le prendre en entier&#8230;<\/p>\n<p> <a class=\"continue-reading-link\" href=\"http:\/\/www.bkl974.re\/jardin\/2010\/11\/08\/quelques-couleurs-et-pas-de-jaloux\/\"><span>Continuer la lecture<\/span><i class=\"crycon-right-dir\"><\/i><\/a> <\/p>\n","protected":false},"author":1,"featured_media":0,"comment_status":"open","ping_status":"open","sticky":false,"template":"","format":"standard","meta":{"om_disable_all_campaigns":false,"_monsterinsights_skip_tracking":false,"_monsterinsights_sitenote_active":false,"_monsterinsights_sitenote_note":"","_monsterinsights_sitenote_category":0,"_uf_show_specific_survey":0,"_uf_disable_surveys":false,"footnotes":""},"categories":[77],"tags":[72,219,218,97,49,220],"class_list":["post-1739","post","type-post","status-publish","format-standard","hentry","category-fleurs-des-routes","tag-bougainvillier","tag-caoutchouc","tag-ficus-elastica","tag-geranium","tag-ile-de-la-reunion","tag-mosquee-du-port"],"aioseo_notices":[],"_links":{"self":[{"href":"http:\/\/www.bkl974.re\/jardin\/wp-json\/wp\/v2\/posts\/1739","targetHints":{"allow":["GET"]}}],"collection":[{"href":"http:\/\/www.bkl974.re\/jardin\/wp-json\/wp\/v2\/posts"}],"about":[{"href":"http:\/\/www.bkl974.re\/jardin\/wp-json\/wp\/v2\/types\/post"}],"author":[{"embeddable":true,"href":"http:\/\/www.bkl974.re\/jardin\/wp-json\/wp\/v2\/users\/1"}],"replies":[{"embeddable":true,"href":"http:\/\/www.bkl974.re\/jardin\/wp-json\/wp\/v2\/comments?post=1739"}],"version-history":[{"count":12,"href":"http:\/\/www.bkl974.re\/jardin\/wp-json\/wp\/v2\/posts\/1739\/revisions"}],"predecessor-version":[{"id":1755,"href":"http:\/\/www.bkl974.re\/jardin\/wp-json\/wp\/v2\/posts\/1739\/revisions\/1755"}],"wp:attachment":[{"href":"http:\/\/www.bkl974.re\/jardin\/wp-json\/wp\/v2\/media?parent=1739"}],"wp:term":[{"taxonomy":"category","embeddable":true,"href":"http:\/\/www.bkl974.re\/jardin\/wp-json\/wp\/v2\/categories?post=1739"},{"taxonomy":"post_tag","embeddable":true,"href":"http:\/\/www.bkl974.re\/jardin\/wp-json\/wp\/v2\/tags?post=1739"}],"curies":[{"name":"wp","href":"https:\/\/api.w.org\/{rel}","templated":true}]}}