{"id":1805,"date":"2010-11-16T15:54:42","date_gmt":"2010-11-16T11:54:42","guid":{"rendered":"http:\/\/www.bkl974.re\/jardin\/\/?p=1805"},"modified":"2010-11-16T16:02:25","modified_gmt":"2010-11-16T12:02:25","slug":"un-peu-dhistoire","status":"publish","type":"post","link":"http:\/\/www.bkl974.re\/jardin\/2010\/11\/16\/un-peu-dhistoire\/","title":{"rendered":"Un peu d&rsquo;histoire."},"content":{"rendered":"<p><span style=\"font-size: small;\"><em>Rien \u00e0 voir avec le jardin cet article!<br \/>\n Je vais juste mettre \u00e0 l&rsquo;honneur celles qui\u00a0n\u2019accompagnent\u00a0depuis de tr\u00e8s nombreuses ann\u00e9es.\u00a0<br \/>\n Mes guitares=)<br \/>\n <a href=\"http:\/\/www.bkl974.re\/jardin\/\/wp-content\/uploads\/2010\/11\/ACD1AA.jpg\"><\/a><\/em><\/span><\/p>\n<p style=\"text-align: center;\"><span style=\"font-size: small;\"><em><a style=\"font-size: small;\" href=\"http:\/\/www.bkl974.re\/jardin\/\/wp-content\/uploads\/2010\/11\/ACD1AA.jpg\" target=\"_blank\"><img loading=\"lazy\" decoding=\"async\" class=\"aligncenter size-large wp-image-1806\" title=\"ACD1AA\" src=\"http:\/\/www.bkl974.re\/jardin\/\/wp-content\/uploads\/2010\/11\/ACD1AA-800x600.jpg\" alt=\"\" width=\"640\" height=\"480\" \/><\/a><span style=\"font-size: small;\"> Ces photos ont \u00e9t\u00e9 prises du temps ou j&rsquo;habitais encore le Sud de la France Menton.<\/span><\/em><\/span><\/p>\n<p><em> <\/em><\/p>\n<p><em> <\/em><\/p>\n<p style=\"text-align: left;\"><span style=\"font-size: small;\"><em>A<\/em><\/span><span style=\"font-size: small;\"><em>pr\u00e8s m&rsquo;\u00eatre fait vol\u00e9 ma premi\u00e8re guitare (celle de mon p\u00e8re) que j&rsquo;avais laiss\u00e9 dans une voiture ma m\u00e8re m&rsquo;en a achet\u00e9 une autre bon c&rsquo;\u00e9tait il y a longtemps maintenant=) je joue depuis l&rsquo;age de 15 16ans . J&rsquo;ai d&rsquo;ailleurs quitt\u00e9 mon \u00a0\u00eele <\/em><\/span><span style=\"font-size: small;\"><em>vers 19ans <\/em><\/span><span style=\"font-size: small;\"><em>\u00e0 l&rsquo;\u00e9poque pour \u00e9tudier la musique et la guitare \u00e0 Paris.<br \/>\n De bien belles ann\u00e9es m\u00eame si un peu <span style=\"line-height: 19px;\">d\u00e9stabilisantes<\/span> au d\u00e9but! Des montagnes de la R\u00e9union \u00e0 Paris place de la contrescarpe \u00e7a fait un choc, mais je le referais bien volontiers=)<\/em><\/span><\/p>\n<p style=\"padding-left: 60px;\"><span style=\"font-size: small;\">-Elle c&rsquo;est la plus fid\u00e8le merci maman: Ma pr\u00e9f\u00e9r\u00e9e la plus polivalente, le plus chouette de tous les manches que j&rsquo;ai touch\u00e9 fin \u00e0 souhait hauteur de corde parfaite pas de d\u00e9faut d&rsquo;alignement. Bon son son n&rsquo;est pas extraordinaire mais une fois amplifi\u00e9e on s&rsquo;en contente tr\u00e8s tr\u00e8s bien. \ud83d\ude09<\/span><\/p>\n<p style=\"padding-left: 60px; text-align: center;\"><em><a href=\"http:\/\/www.bkl974.re\/jardin\/\/wp-content\/uploads\/2010\/11\/IMG_1609.jpg\" target=\"_blank\"><img loading=\"lazy\" decoding=\"async\" class=\"aligncenter size-large wp-image-1807\" title=\"IMG_1609\" src=\"http:\/\/www.bkl974.re\/jardin\/\/wp-content\/uploads\/2010\/11\/IMG_1609-450x600.jpg\" alt=\"\" width=\"450\" height=\"600\" \/><\/a><span style=\"font-size: small;\">-elle c&rsquo;est celle qui a le plus de punch que j&#8217;emmenais \u00a0avec moi pour aller jouer quelque part ou autre id\u00e9ale pour jouer au m\u00e9diator!<\/span><br \/>\n <a href=\"http:\/\/www.bkl974.re\/jardin\/\/wp-content\/uploads\/2010\/11\/IMG_1617.jpg\" target=\"_blank\"><img loading=\"lazy\" decoding=\"async\" class=\"aligncenter size-large wp-image-1808\" title=\"IMG_1617\" src=\"http:\/\/www.bkl974.re\/jardin\/\/wp-content\/uploads\/2010\/11\/IMG_1617-450x600.jpg\" alt=\"\" width=\"450\" height=\"600\" \/><\/a><br \/>\n <span style=\"font-size: small;\">-Vient ensuite la plus tendre avec un son tr\u00e8s doux d\u00e9di\u00e9 aux arp\u00e8ges, bossa \u00a0ou \u00e0 l&rsquo;accompagnement, c&rsquo;est la guitare du soir=)<\/span><br \/>\n <a href=\"http:\/\/www.bkl974.re\/jardin\/\/wp-content\/uploads\/2010\/11\/IMG_1599.jpg\" target=\"_blank\"><img loading=\"lazy\" decoding=\"async\" class=\"aligncenter size-large wp-image-1809\" title=\"IMG_1599\" src=\"http:\/\/www.bkl974.re\/jardin\/\/wp-content\/uploads\/2010\/11\/IMG_1599-450x600.jpg\" alt=\"\" width=\"450\" height=\"600\" \/><\/a><span style=\"font-size: small;\">-Et enfin ma deuxi\u00e8me moto lol celle avec laquelle il est facile de se d\u00e9fouler un bon coup pendant un boeuf ou m\u00eame tout seul!!<\/span><br \/>\n <a href=\"http:\/\/www.bkl974.re\/jardin\/\/wp-content\/uploads\/2010\/11\/IMG_1632.jpg\" target=\"_blank\"><img loading=\"lazy\" decoding=\"async\" class=\"aligncenter size-large wp-image-1810\" title=\"IMG_1632\" src=\"http:\/\/www.bkl974.re\/jardin\/\/wp-content\/uploads\/2010\/11\/IMG_1632-450x600.jpg\" alt=\"\" width=\"450\" height=\"600\" \/><\/a><span style=\"line-height: 19px; font-size: x-small;\"> <\/span><\/em><\/p>\n<div id=\"_mcePaste\"><em><span style=\"font-size: small;\">Je parle un peu au pass\u00e9, j&rsquo;ai jou\u00e9 de 15 \u00e0 27ans de 2 \u00e0 6h par jour c&rsquo;est ma premi\u00e8re passion j&rsquo;ai m\u00eame failli en faire mon m\u00e9tier mais..<\/span><\/em><\/div>\n<div id=\"_mcePaste\"><em><span style=\"font-size: small;\">Pas de bol en 2006 en rentrant \u00e0 la R\u00e9union j&rsquo;ai eu une attaque c\u00e9r\u00e9brale qui m&rsquo;a un peu bousiller le cerveau droit, je me suis donc retrouv\u00e9 quasiment paralys\u00e9 du cot\u00e9 gauche. Un AVC du \u00e0 un taux d&rsquo;homocyst\u00e8\u00efne trop \u00e9lev\u00e9 dans mon sang&#8230; J&rsquo;ai donc \u00e9t\u00e9 forc\u00e9 de mettre la guitare entre parenth\u00e8se ces derni\u00e8res ann\u00e9es! Bon je ne suis pas mort c&rsquo;est toujours \u00e7a je remarche normalement et reparle normalement, je n&rsquo;ai plus la moiti\u00e9 du visage qui tombe etc..3 ans de r\u00e9\u00e9ducation quand m\u00eame=)<\/span><\/em><\/div>\n<div id=\"_mcePaste\"><em><span style=\"font-size: small;\">Depuis le d\u00e9but de l&rsquo;ann\u00e9e derni\u00e8re je remonte \u00e0 moto \u00e7a \u00e7a a fait du bien aussi!!<\/span><\/em><\/div>\n<p><em><span style=\"font-size: small;\">Depuis la mie 2009 je retouche \u00e0 mes guitares aussi, mais ce n&rsquo;est pas aussi simple que la moto, la dext\u00e9rit\u00e9 me manque toujours aujourd&rsquo;hui! J&rsquo;ai commenc\u00e9 avec 1 doigt et je peaufine \u00a0le 2i\u00e8me depuis un moment en attendant un 3i\u00e8me etc&#8230;. <\/span><\/em><\/p>\n<p><span style=\"font-size: small;\"><em> Reinhardt jouait bien avec 2 doigts =) bon je ne suis pas lui mais presque tous les jours je m&rsquo;\u00e9pluche les doigts sur mon manche, j&rsquo;invente une fa\u00e7on de jouer avec beaucoup d&rsquo;harmoniques pour les notes que je ne peux pas faire. Et \u00e7a \u00e0 le m\u00e9rite de me donner une main droite qui joue encore mieux qu&rsquo;avant \u00e0 faire des trucs que je n&rsquo;aurais pas imagin\u00e9=)<\/em><\/span><\/p>\n<p><em> <\/em><\/p>\n<p><em><span style=\"font-size: small;\">Je ne retrouverais certainement jamais mon niveau de guitare d&rsquo;avant 2006 mais avec le temps j&rsquo;esp\u00e8re pouvoir rejouer \u00ab\u00a0potablement\u00a0\u00bb , le temps que ma main gauche reprenne bien ses esprits encore 5ans je pense pour la guitare, dans la vie courante elle ne pose plus trop trop de probl\u00e8me donc \u00e7a va&#8230;<br \/>\n En attendant je jardine, il faut dire aussi \u00a0que je ne pourrais plus m&rsquo;en passer du jardin et ce m\u00eame avec les 2 mains en formes \ud83d\ude09<br \/>\n Voila pour la petite histoire&#8230;. <\/span><\/em><\/p>\n","protected":false},"excerpt":{"rendered":"<p>Rien \u00e0 voir avec le jardin cet article! Je vais juste mettre \u00e0 l&rsquo;honneur celles qui\u00a0n\u2019accompagnent\u00a0depuis de tr\u00e8s nombreuses ann\u00e9es.\u00a0 Mes guitares=) Ces photos ont \u00e9t\u00e9 prises du temps ou j&rsquo;habitais encore le Sud de la France Menton. Apr\u00e8s m&rsquo;\u00eatre fait vol\u00e9 ma premi\u00e8re guitare (celle de mon p\u00e8re) que j&rsquo;avais laiss\u00e9 dans une voiture ma m\u00e8re m&rsquo;en a achet\u00e9 une autre bon c&rsquo;\u00e9tait il y a longtemps maintenant=) je joue depuis l&rsquo;age de 15 16ans . J&rsquo;ai d&rsquo;ailleurs quitt\u00e9 mon \u00a0\u00eele vers 19ans \u00e0 l&rsquo;\u00e9poque pour \u00e9tudier la musique et la guitare \u00e0 Paris. De bien belles ann\u00e9es m\u00eame si un peu d\u00e9stabilisantes au d\u00e9but! Des montagnes de la R\u00e9union \u00e0 Paris place de la contrescarpe \u00e7a fait un choc, mais je le referais bien volontiers=) -Elle c&rsquo;est la plus fid\u00e8le merci maman: Ma pr\u00e9f\u00e9r\u00e9e la plus polivalente, le plus chouette de tous les manches que j&rsquo;ai touch\u00e9 fin&#8230;<\/p>\n<p> <a class=\"continue-reading-link\" href=\"http:\/\/www.bkl974.re\/jardin\/2010\/11\/16\/un-peu-dhistoire\/\"><span>Continuer la lecture<\/span><i class=\"crycon-right-dir\"><\/i><\/a> <\/p>\n","protected":false},"author":1,"featured_media":0,"comment_status":"open","ping_status":"open","sticky":false,"template":"","format":"standard","meta":{"om_disable_all_campaigns":false,"_monsterinsights_skip_tracking":false,"_monsterinsights_sitenote_active":false,"_monsterinsights_sitenote_note":"","_monsterinsights_sitenote_category":0,"_uf_show_specific_survey":0,"_uf_disable_surveys":false,"footnotes":""},"categories":[68],"tags":[228],"class_list":["post-1805","post","type-post","status-publish","format-standard","hentry","category-retrospective","tag-guitare"],"aioseo_notices":[],"_links":{"self":[{"href":"http:\/\/www.bkl974.re\/jardin\/wp-json\/wp\/v2\/posts\/1805","targetHints":{"allow":["GET"]}}],"collection":[{"href":"http:\/\/www.bkl974.re\/jardin\/wp-json\/wp\/v2\/posts"}],"about":[{"href":"http:\/\/www.bkl974.re\/jardin\/wp-json\/wp\/v2\/types\/post"}],"author":[{"embeddable":true,"href":"http:\/\/www.bkl974.re\/jardin\/wp-json\/wp\/v2\/users\/1"}],"replies":[{"embeddable":true,"href":"http:\/\/www.bkl974.re\/jardin\/wp-json\/wp\/v2\/comments?post=1805"}],"version-history":[{"count":22,"href":"http:\/\/www.bkl974.re\/jardin\/wp-json\/wp\/v2\/posts\/1805\/revisions"}],"predecessor-version":[{"id":1830,"href":"http:\/\/www.bkl974.re\/jardin\/wp-json\/wp\/v2\/posts\/1805\/revisions\/1830"}],"wp:attachment":[{"href":"http:\/\/www.bkl974.re\/jardin\/wp-json\/wp\/v2\/media?parent=1805"}],"wp:term":[{"taxonomy":"category","embeddable":true,"href":"http:\/\/www.bkl974.re\/jardin\/wp-json\/wp\/v2\/categories?post=1805"},{"taxonomy":"post_tag","embeddable":true,"href":"http:\/\/www.bkl974.re\/jardin\/wp-json\/wp\/v2\/tags?post=1805"}],"curies":[{"name":"wp","href":"https:\/\/api.w.org\/{rel}","templated":true}]}}