{"id":2192,"date":"2011-01-24T17:39:43","date_gmt":"2011-01-24T13:39:43","guid":{"rendered":"http:\/\/www.bkl974.re\/jardin\/\/?p=2192"},"modified":"2011-01-24T17:39:43","modified_gmt":"2011-01-24T13:39:43","slug":"au-boulot","status":"publish","type":"post","link":"http:\/\/www.bkl974.re\/jardin\/2011\/01\/24\/au-boulot\/","title":{"rendered":"au boulot"},"content":{"rendered":"<p style=\"text-align: left;\"><span style=\"font-size: small;\"><em>Ce weekend j&rsquo;ai jardin\u00e9 =)<br \/>\n <span style=\"font-size: x-small;\"><span style=\"font-size: small;\">L&rsquo;all\u00e9 de mon balcon commen\u00e7ait a \u00eatre un peu trop \u00a0serr\u00e9e. J&rsquo;ai donc taill\u00e9 \u00e0 tout va beaucoup de plants.\u00a0\u00c7a faisait quelques semaines que je devais le faire, j&rsquo;ai donc sorti le\u00a0s\u00e9cateur\u00a0\u00a0pour ramener ce petit monde a des dimensions plus raisonnables. J&rsquo;ai donc taill\u00e9 une grande partie des de plusieurs pot\u00e9es, j&rsquo;en ai profit\u00e9 pour aussi tailler leurs racines et rempoter.<\/span><br \/>\n <a href=\"http:\/\/www.bkl974.re\/jardin\/\/wp-content\/uploads\/2011\/01\/fs30P1020850.jpg\" target=\"_blank\"><img loading=\"lazy\" decoding=\"async\" class=\"aligncenter size-large wp-image-2193\" title=\"fs30P1020850\" src=\"http:\/\/www.bkl974.re\/jardin\/\/wp-content\/uploads\/2011\/01\/fs30P1020850-800x600.jpg\" alt=\"\" width=\"640\" height=\"480\" \/><\/a><a href=\"http:\/\/www.bkl974.re\/jardin\/\/wp-content\/uploads\/2011\/01\/fs30P1020853.jpg\" target=\"_blank\"><img loading=\"lazy\" decoding=\"async\" class=\"aligncenter size-large wp-image-2194\" title=\"fs30P1020853\" src=\"http:\/\/www.bkl974.re\/jardin\/\/wp-content\/uploads\/2011\/01\/fs30P1020853-800x600.jpg\" alt=\"\" width=\"640\" height=\"480\" \/><\/a><span style=\"font-size: small;\">Je n&rsquo;ai pas pu m&rsquo;occuper de tout le monde car j&rsquo;ai beaucoup de pots mais une bonne 20aine quand m\u00eame. Dans les jours qui viennent je vais avoir droit a plein de nouveaux bougeons histoire que mes petits arbustes fabrique du bois neuf=) <\/span><\/span><\/em><\/span><\/p>\n<p><em> <\/em><\/p>\n<p style=\"text-align: center;\"><span style=\"font-size: small;\"><em>Et voila le tout une fois\u00a0nettoy\u00e9\u00a0\u00a0\u00e7a ne se voit pas comme \u00e7a mais j&rsquo;ai encore rempli 2 sacs de 70l de branches et de terre avec les vieilles racines!<\/em><\/span><br \/>\n <a style=\"font-style: italic;\" href=\"http:\/\/www.bkl974.re\/jardin\/\/wp-content\/uploads\/2011\/01\/fs30P1020860.jpg\" target=\"_blank\"><img loading=\"lazy\" decoding=\"async\" class=\"aligncenter size-large wp-image-2195\" title=\"fs30P1020860\" src=\"http:\/\/www.bkl974.re\/jardin\/\/wp-content\/uploads\/2011\/01\/fs30P1020860-800x450.jpg\" alt=\"\" width=\"640\" height=\"360\" \/><\/a><span style=\"font-size: small;\"><span style=\"font-size: x-small;\"><span style=\"font-size: small;\"><em>Et avant de finir je vous montre un <\/em><span style=\"line-height: 19px;\"><em>gla\u00efeul<\/em><\/span><\/span><em><span style=\"font-size: small;\"> en fleur \u00e0 la maison de Dos d&rsquo;Ane<\/span><br \/>\n <a href=\"http:\/\/www.bkl974.re\/jardin\/\/wp-content\/uploads\/2011\/01\/fs30P1020865.jpg\" target=\"_blank\"><img loading=\"lazy\" decoding=\"async\" class=\"aligncenter size-large wp-image-2200\" title=\"fs30P1020865\" src=\"http:\/\/www.bkl974.re\/jardin\/\/wp-content\/uploads\/2011\/01\/fs30P1020865-800x600.jpg\" alt=\"\" width=\"640\" height=\"480\" \/><\/a><a href=\"http:\/\/www.bkl974.re\/jardin\/\/wp-content\/uploads\/2011\/01\/fs30P1020866.jpg\" target=\"_blank\"><img loading=\"lazy\" decoding=\"async\" class=\"aligncenter size-large wp-image-2201\" title=\"fs30P1020866\" src=\"http:\/\/www.bkl974.re\/jardin\/\/wp-content\/uploads\/2011\/01\/fs30P1020866-800x600.jpg\" alt=\"\" width=\"640\" height=\"480\" \/><\/a><span style=\"font-size: small;\">Dommage qu&rsquo;il fasse beaucoup trop chaud pour les gla\u00efeuls\u00a0sur la cote car je les verrais bien sur mon balcon&#8230;.mais bon!!<\/span><\/em><\/span><\/span><\/p>\n<p><em> <\/em><\/p>\n<p style=\"text-align: center;\"><em><span style=\"font-size: small;\">A plus tard&#8230;. <\/span><\/em><\/p>\n","protected":false},"excerpt":{"rendered":"<p>Ce weekend j&rsquo;ai jardin\u00e9 =) L&rsquo;all\u00e9 de mon balcon commen\u00e7ait a \u00eatre un peu trop \u00a0serr\u00e9e. J&rsquo;ai donc taill\u00e9 \u00e0 tout va beaucoup de plants.\u00a0\u00c7a faisait quelques semaines que je devais le faire, j&rsquo;ai donc sorti le\u00a0s\u00e9cateur\u00a0\u00a0pour ramener ce petit monde a des dimensions plus raisonnables. J&rsquo;ai donc taill\u00e9 une grande partie des de plusieurs pot\u00e9es, j&rsquo;en ai profit\u00e9 pour aussi tailler leurs racines et rempoter. Je n&rsquo;ai pas pu m&rsquo;occuper de tout le monde car j&rsquo;ai beaucoup de pots mais une bonne 20aine quand m\u00eame. Dans les jours qui viennent je vais avoir droit a plein de nouveaux bougeons histoire que mes petits arbustes fabrique du bois neuf=) Et voila le tout une fois\u00a0nettoy\u00e9\u00a0\u00a0\u00e7a ne se voit pas comme \u00e7a mais j&rsquo;ai encore rempli 2 sacs de 70l de branches et de terre avec les vieilles racines! Et avant de finir je vous montre un gla\u00efeul en fleur \u00e0&#8230;<\/p>\n<p> <a class=\"continue-reading-link\" href=\"http:\/\/www.bkl974.re\/jardin\/2011\/01\/24\/au-boulot\/\"><span>Continuer la lecture<\/span><i class=\"crycon-right-dir\"><\/i><\/a> <\/p>\n","protected":false},"author":1,"featured_media":0,"comment_status":"open","ping_status":"open","sticky":false,"template":"","format":"standard","meta":{"om_disable_all_campaigns":false,"_monsterinsights_skip_tracking":false,"_monsterinsights_sitenote_active":false,"_monsterinsights_sitenote_note":"","_monsterinsights_sitenote_category":0,"_uf_show_specific_survey":0,"_uf_disable_surveys":false,"footnotes":""},"categories":[3],"tags":[],"class_list":["post-2192","post","type-post","status-publish","format-standard","hentry","category-jardin-balcon"],"aioseo_notices":[],"_links":{"self":[{"href":"http:\/\/www.bkl974.re\/jardin\/wp-json\/wp\/v2\/posts\/2192","targetHints":{"allow":["GET"]}}],"collection":[{"href":"http:\/\/www.bkl974.re\/jardin\/wp-json\/wp\/v2\/posts"}],"about":[{"href":"http:\/\/www.bkl974.re\/jardin\/wp-json\/wp\/v2\/types\/post"}],"author":[{"embeddable":true,"href":"http:\/\/www.bkl974.re\/jardin\/wp-json\/wp\/v2\/users\/1"}],"replies":[{"embeddable":true,"href":"http:\/\/www.bkl974.re\/jardin\/wp-json\/wp\/v2\/comments?post=2192"}],"version-history":[{"count":8,"href":"http:\/\/www.bkl974.re\/jardin\/wp-json\/wp\/v2\/posts\/2192\/revisions"}],"predecessor-version":[{"id":2205,"href":"http:\/\/www.bkl974.re\/jardin\/wp-json\/wp\/v2\/posts\/2192\/revisions\/2205"}],"wp:attachment":[{"href":"http:\/\/www.bkl974.re\/jardin\/wp-json\/wp\/v2\/media?parent=2192"}],"wp:term":[{"taxonomy":"category","embeddable":true,"href":"http:\/\/www.bkl974.re\/jardin\/wp-json\/wp\/v2\/categories?post=2192"},{"taxonomy":"post_tag","embeddable":true,"href":"http:\/\/www.bkl974.re\/jardin\/wp-json\/wp\/v2\/tags?post=2192"}],"curies":[{"name":"wp","href":"https:\/\/api.w.org\/{rel}","templated":true}]}}