{"id":2284,"date":"2011-03-06T14:29:50","date_gmt":"2011-03-06T10:29:50","guid":{"rendered":"http:\/\/www.bkl974.re\/jardin\/\/?p=2284"},"modified":"2011-03-07T01:04:40","modified_gmt":"2011-03-06T21:04:40","slug":"merci-aux-nuages","status":"publish","type":"post","link":"http:\/\/www.bkl974.re\/jardin\/2011\/03\/06\/merci-aux-nuages\/","title":{"rendered":"Merci aux nuages"},"content":{"rendered":"<p style=\"text-align: left;\"><span style=\"font-size: small;\"><em>Hier c&rsquo;\u00e9tait enfin une journ\u00e9e ou j&rsquo;ai pu m&rsquo;occuper de la terrasse sans \u00eatre\u00a0assomm\u00e9\u00a0par le soleil ou asperg\u00e9 par la pluie! Il y avait de beaux nuages qui m&rsquo;ont permis un grand nettoyage (un vrai).<\/em><br \/>\n <em>C&rsquo;est dimanche on a le temps il fait pas trop trop chaud je peux rester un peu sur l&rsquo;ordi alors fa\u00eetes chauffer les modems&#8230;. <\/em><br \/>\n <em>Ma journ\u00e9e d&rsquo;hier \u00e9tait longue \u00e9lagage, jardinage mais surtout nettoyage! de 10h du mat \u00e0 18h15 arr\u00eat\u00e9 par un coup de pluie vers la fin. <\/em><span style=\"line-height: 19px;\"><em>\u00c7a<\/em><\/span><em> faisait longtemps que je n&rsquo;avais pas vraiment \u00a0mis tout \u00e7a au propre (trop chaud trop de pluie)!\u00a0\u00c7a\u00a0m&rsquo;a pris toute la journ\u00e9e et des kg et des kg de salet\u00e9 de toute sorte plus tard c&rsquo;est propre=)<\/em><\/span><\/p>\n<p style=\"text-align: left;\"><span style=\"font-size: small;\"><em>J&rsquo;ai d\u00e9plac\u00e9 tout le monde pour nettoyer dessous, rempot\u00e9 celles qui en avaient besoin etc etc&#8230;<br \/>\n quelques prises du d\u00e9but de chantier :<br \/>\n <\/em><\/span><span style=\"font-size: small;\"><a style=\"line-height: 19px; font-size: small;\" href=\"http:\/\/www.bkl974.re\/jardin\/\/wp-content\/uploads\/2011\/03\/P1040355.jpg\" target=\"_blank\"><img loading=\"lazy\" decoding=\"async\" class=\"aligncenter size-large wp-image-2286\" title=\"P1040355\" src=\"http:\/\/www.bkl974.re\/jardin\/\/wp-content\/uploads\/2011\/03\/P1040355-800x600.jpg\" alt=\"\" width=\"640\" height=\"480\" \/><\/a><a style=\"line-height: 19px; font-size: small;\" href=\"http:\/\/www.bkl974.re\/jardin\/\/wp-content\/uploads\/2011\/03\/P1040357.jpg\" target=\"_blank\"><img loading=\"lazy\" decoding=\"async\" class=\"aligncenter size-large wp-image-2287\" title=\"P1040357\" src=\"http:\/\/www.bkl974.re\/jardin\/\/wp-content\/uploads\/2011\/03\/P1040357-800x600.jpg\" alt=\"\" width=\"640\" height=\"480\" \/><\/a><span style=\"line-height: 19px;\"> <\/span><a style=\"line-height: 19px; font-size: small;\" href=\"http:\/\/www.bkl974.re\/jardin\/\/wp-content\/uploads\/2011\/03\/P1040363.jpg\" target=\"_blank\"><img loading=\"lazy\" decoding=\"async\" class=\"aligncenter size-large wp-image-2288\" title=\"P1040363\" src=\"http:\/\/www.bkl974.re\/jardin\/\/wp-content\/uploads\/2011\/03\/P1040363-800x600.jpg\" alt=\"\" width=\"640\" height=\"480\" \/><\/a><span style=\"line-height: 19px;\"><em>Maintenant une curiosit\u00e9: Des racines qui courent le long du mur et sur le sol. Il commence \u00e0 y en avoir beaucoup.<\/em><\/span><br \/>\n <a style=\"line-height: 19px; font-size: small;\" href=\"http:\/\/www.bkl974.re\/jardin\/\/wp-content\/uploads\/2011\/03\/P1040370.jpg\" target=\"_blank\"><img loading=\"lazy\" decoding=\"async\" class=\"aligncenter size-large wp-image-2289\" title=\"P1040370\" src=\"http:\/\/www.bkl974.re\/jardin\/\/wp-content\/uploads\/2011\/03\/P1040370-800x600.jpg\" alt=\"\" width=\"640\" height=\"480\" \/><\/a><span style=\"line-height: 19px;\"> <\/span><a style=\"line-height: 19px; font-size: small;\" href=\"http:\/\/www.bkl974.re\/jardin\/\/wp-content\/uploads\/2011\/03\/P1040372.jpg\" target=\"_blank\"><img loading=\"lazy\" decoding=\"async\" class=\"aligncenter size-large wp-image-2290\" title=\"P1040372\" src=\"http:\/\/www.bkl974.re\/jardin\/\/wp-content\/uploads\/2011\/03\/P1040372-800x600.jpg\" alt=\"\" width=\"640\" height=\"480\" \/><\/a><a style=\"line-height: 19px; font-size: small;\" href=\"http:\/\/www.bkl974.re\/jardin\/\/wp-content\/uploads\/2011\/03\/P1040374.jpg\" target=\"_blank\"><img loading=\"lazy\" decoding=\"async\" class=\"aligncenter size-large wp-image-2291\" title=\"P1040374\" src=\"http:\/\/www.bkl974.re\/jardin\/\/wp-content\/uploads\/2011\/03\/P1040374-800x600.jpg\" alt=\"\" width=\"640\" height=\"480\" \/><\/a><a style=\"line-height: 19px; font-size: small;\" href=\"http:\/\/www.bkl974.re\/jardin\/\/wp-content\/uploads\/2011\/03\/P1040375.jpg\" target=\"_blank\"><img loading=\"lazy\" decoding=\"async\" class=\"aligncenter size-large wp-image-2292\" title=\"P1040375\" src=\"http:\/\/www.bkl974.re\/jardin\/\/wp-content\/uploads\/2011\/03\/P1040375-800x600.jpg\" alt=\"\" width=\"640\" height=\"480\" \/><\/a><span style=\"line-height: 19px;\"><em>ceux sont les racines de cette plante:<\/em><\/span><br \/>\n <a style=\"line-height: 19px; font-size: small;\" href=\"http:\/\/www.bkl974.re\/jardin\/\/wp-content\/uploads\/2011\/03\/P1040371.jpg\" target=\"_blank\"><img loading=\"lazy\" decoding=\"async\" class=\"aligncenter size-large wp-image-2293\" title=\"P1040371\" src=\"http:\/\/www.bkl974.re\/jardin\/\/wp-content\/uploads\/2011\/03\/P1040371-800x600.jpg\" alt=\"\" width=\"640\" height=\"480\" \/><\/a><\/span><span style=\"font-size: x-small;\"><span style=\"font-size: small;\"><em> elle s&rsquo;accroche d&rsquo;elle m\u00eame sur le mur! Je ne connais pas son nom mais pour la petite\u00a0anecdote, je l&rsquo;ai r\u00e9cup\u00e9r\u00e9 il y a quelques ann\u00e9es chez ma soeur. Il y avait une arm\u00e9 qui envahissait son mur \u00e0 l&rsquo;arri\u00e8re de son ancienne maison. \u00a0J&rsquo;en ai pris un petit bout pas r\u00e9ellement convaincu que \u00e7a allait pousser quelque temps plus me voila moi aussi presque envahi lol! Aucun soin juste un peu d&rsquo;eau c&rsquo;est tout et \u00e7a grimpe \u00e7a rampe \u00e7a va partout sauf la ou mes chats passent pour monter sur le mur=)\u00a0<br \/>\n Mais la avec les racines qui\u00a0commencent\u00a0par\u00a0\u00eatre\u00a0presque qu&rsquo;au niveau de la table du balcon je me demande si je les coupe?? En plus je ne sais pas comment elle font mais elles s&rsquo;accrochent solidement partout m\u00eame sur les\u00a0carreaux, on dirait des racines\u00a0d\u2019orchid\u00e9e! Alors je coupe ou pas?<\/em><br \/>\n <\/span><span style=\"font-size: small;\"><br \/>\n <\/span><span style=\"font-size: small;\"><span style=\"font-size: x-small;\"><em><span style=\"font-size: small;\">Au suivant une chouette surprise et il y en a partout=) je ne savais pas que les Coleus pouvaient se semer toutes seules, j&rsquo;ai une ribambelle de petit plants qui poussent \u00e7a et la sur la terrasse&#8230;.cool non? La par exemple dans un de mes pot des boutures de bougainvillier!<\/span><\/em><\/span><br \/>\n <a style=\"font-style: italic; font-size: small;\" href=\"http:\/\/www.bkl974.re\/jardin\/\/wp-content\/uploads\/2011\/03\/P1040365.jpg\" target=\"_blank\"><img loading=\"lazy\" decoding=\"async\" class=\"aligncenter size-large wp-image-2297\" title=\"P1040365\" src=\"http:\/\/www.bkl974.re\/jardin\/\/wp-content\/uploads\/2011\/03\/P1040365-800x600.jpg\" alt=\"\" width=\"640\" height=\"480\" \/><\/a><span style=\"font-size: x-small;\"><em><span style=\"font-size: small;\"> En parlant de bouture de bougainvillier les derni\u00e8res ont pouss\u00e9 depuis le temps mais je les emp\u00eache pour le moment de trop grandir je taille r\u00e9guli\u00e8rement en les laissant dans leurs petits pots j&rsquo;attends l&rsquo;hiver pour les accrocher sur le toit <\/span><\/em><\/span><br \/>\n <a style=\"font-style: italic; font-size: small;\" href=\"http:\/\/www.bkl974.re\/jardin\/\/wp-content\/uploads\/2011\/03\/P1040400.jpg\" target=\"_blank\"><img loading=\"lazy\" decoding=\"async\" class=\"aligncenter size-large wp-image-2298\" title=\"P1040400\" src=\"http:\/\/www.bkl974.re\/jardin\/\/wp-content\/uploads\/2011\/03\/P1040400-800x600.jpg\" alt=\"\" width=\"640\" height=\"480\" \/><\/a><span style=\"font-size: x-small;\"><em> <\/em><\/span><a style=\"font-style: italic; font-size: small;\" href=\"http:\/\/www.bkl974.re\/jardin\/\/wp-content\/uploads\/2011\/03\/P1040401.jpg\" target=\"_blank\"><img loading=\"lazy\" decoding=\"async\" class=\"aligncenter size-large wp-image-2299\" title=\"P1040401\" src=\"http:\/\/www.bkl974.re\/jardin\/\/wp-content\/uploads\/2011\/03\/P1040401-800x600.jpg\" alt=\"\" width=\"640\" height=\"480\" \/><\/a><a style=\"font-style: italic; font-size: small;\" href=\"http:\/\/www.bkl974.re\/jardin\/\/wp-content\/uploads\/2011\/03\/P1040402.jpg\" target=\"_blank\"><img loading=\"lazy\" decoding=\"async\" class=\"aligncenter size-large wp-image-2300\" title=\"P1040402\" src=\"http:\/\/www.bkl974.re\/jardin\/\/wp-content\/uploads\/2011\/03\/P1040402-800x600.jpg\" alt=\"\" width=\"640\" height=\"480\" \/><\/a><span style=\"font-size: x-small;\"><em><span style=\"font-size: small;\">Les asparagus maintenant je dis \u00ab\u00a0les\u00a0\u00bb car j&rsquo;avais m\u00eame oubli\u00e9 que j&rsquo;en avais 2 hihi un peu d&rsquo;histoire encore! J&rsquo;avais r\u00e9cup\u00e9r\u00e9 2 petits plants \u00e0 la maison de dos d&rsquo;Ane j&rsquo;ai m\u00eame une photo hihi regardez bien c&rsquo;est dur \u00e0 voir il y a un plant par terre \u00e0 gauche et un autre dans la bouteille avec d&rsquo;autre plantes=) C&rsquo;\u00e9tait en juin 2010:<\/span><\/em><\/span><br \/>\n <a style=\"font-style: italic; font-size: small;\" href=\"http:\/\/www.bkl974.re\/jardin\/\/wp-content\/uploads\/2011\/03\/IMGP0367.jpg\" target=\"_blank\"><img loading=\"lazy\" decoding=\"async\" class=\"aligncenter size-large wp-image-2301\" title=\"IMGP0367\" src=\"http:\/\/www.bkl974.re\/jardin\/\/wp-content\/uploads\/2011\/03\/IMGP0367-778x600.jpg\" alt=\"\" width=\"640\" height=\"493\" \/><\/a><em> et aujourd&rsquo;hui les voila \u00e7a a un peu grandi lol:<\/em><br \/>\n <a style=\"font-style: italic; font-size: small;\" href=\"http:\/\/www.bkl974.re\/jardin\/\/wp-content\/uploads\/2011\/03\/P1040403.jpg\" target=\"_blank\"><img loading=\"lazy\" decoding=\"async\" class=\"aligncenter size-large wp-image-2302\" title=\"P1040403\" src=\"http:\/\/www.bkl974.re\/jardin\/\/wp-content\/uploads\/2011\/03\/P1040403-800x600.jpg\" alt=\"\" width=\"640\" height=\"480\" \/><\/a><a style=\"font-style: italic; font-size: small;\" href=\"http:\/\/www.bkl974.re\/jardin\/\/wp-content\/uploads\/2011\/03\/P1040367.jpg\" target=\"_blank\"><img loading=\"lazy\" decoding=\"async\" class=\"aligncenter size-large wp-image-2303\" title=\"P1040367\" src=\"http:\/\/www.bkl974.re\/jardin\/\/wp-content\/uploads\/2011\/03\/P1040367-800x600.jpg\" alt=\"\" width=\"640\" height=\"480\" \/><\/a><span style=\"font-size: x-small;\"><em><span style=\"font-size: small;\">J&rsquo;ai d\u00e9plac\u00e9 \u00a0le plus gros mais impossible de le positionner comme je veux faut que je l&rsquo;attache<\/span><\/em><\/span><br \/>\n <a style=\"font-style: italic; font-size: small;\" href=\"http:\/\/www.bkl974.re\/jardin\/\/wp-content\/uploads\/2011\/03\/P1040404.jpg\" target=\"_blank\"><img loading=\"lazy\" decoding=\"async\" class=\"aligncenter size-large wp-image-2304\" title=\"P1040404\" src=\"http:\/\/www.bkl974.re\/jardin\/\/wp-content\/uploads\/2011\/03\/P1040404-800x600.jpg\" alt=\"\" width=\"640\" height=\"480\" \/><\/a><span style=\"font-size: x-small;\"><em><span style=\"font-size: small;\">Ficus (1 des mes trois\u00a0vari\u00e9t\u00e9s)allons y, mon premier ficus doit faire pr\u00e8s de 3m maintenant une de mes premi\u00e8res boutures que j&rsquo;ai souvent taill\u00e9 \u00a0pour que le plant <\/span><\/em><em><span style=\"font-size: small;\">s\u2019\u00e9paississe est pr\u00eate \u00e0 prendre sa place \u00e0 c\u00f4t\u00e9 de son grand fr\u00e8re=) Bon il fait 1 m \u00e0 peu pr\u00e8s et est un peu ridicule pour le moment mais bon&#8230; Je l&rsquo;ai mis \u00e0 la place du palmier \u00e0 large\u00a0feuille que j&rsquo;ai plac\u00e9 au fond de la terrasse. Dans 1 an ou 2 je le vois bien combler tout ce vide ce serait bien pour faire de l&rsquo;ombre sur le mur et faire encore descendre la temp\u00e9rature de l&rsquo;appart en \u00e9t\u00e9. et pi joli aussi=)<\/span><br \/>\n <a href=\"http:\/\/www.bkl974.re\/jardin\/\/wp-content\/uploads\/2011\/03\/P1040412.jpg\" target=\"_blank\"><img loading=\"lazy\" decoding=\"async\" class=\"aligncenter size-large wp-image-2305\" title=\"P1040412\" src=\"http:\/\/www.bkl974.re\/jardin\/\/wp-content\/uploads\/2011\/03\/P1040412-800x600.jpg\" alt=\"\" width=\"640\" height=\"480\" \/><\/a><\/em><em><span style=\"font-size: small;\"> Et l&rsquo;aquarium\u00a0support\u00a0de pot tout au fond comment \u00e7a va, je finirai par me demander ou est mon petit cycas=) et la premi\u00e8re bouture de bougainvillier mutante hihi et une mis\u00e8re que j&rsquo;arrache par\u00a0poign\u00e9es mais qui repousse plus vite que son ombre!!\u00a0joli\u00a0fouillis <\/span><br \/>\n <\/em><\/span><a href=\"http:\/\/www.bkl974.re\/jardin\/\/wp-content\/uploads\/2011\/03\/P1040414.jpg\" target=\"_blank\"><img loading=\"lazy\" decoding=\"async\" class=\"aligncenter size-large wp-image-2306\" title=\"P1040414\" src=\"http:\/\/www.bkl974.re\/jardin\/\/wp-content\/uploads\/2011\/03\/P1040414-800x600.jpg\" alt=\"\" width=\"640\" height=\"480\" \/><\/a><span style=\"font-size: small;\"><em>Et maintenant quelques photos juste comme \u00e7a:<\/em><\/span><br \/>\n <a href=\"http:\/\/www.bkl974.re\/jardin\/\/wp-content\/uploads\/2011\/03\/P1040418.jpg\" target=\"_blank\"><img loading=\"lazy\" decoding=\"async\" class=\"aligncenter size-large wp-image-2307\" title=\"P1040418\" src=\"http:\/\/www.bkl974.re\/jardin\/\/wp-content\/uploads\/2011\/03\/P1040418-800x600.jpg\" alt=\"\" width=\"640\" height=\"480\" \/><\/a><span style=\"font-size: small;\"><em>Les\u00a0derni\u00e8res\u00a0mangues du voisin=)<br \/>\n <\/em><\/span><a href=\"http:\/\/www.bkl974.re\/jardin\/\/wp-content\/uploads\/2011\/03\/P1040420.jpg\" target=\"_blank\"><img loading=\"lazy\" decoding=\"async\" class=\"aligncenter size-large wp-image-2308\" title=\"P1040420\" src=\"http:\/\/www.bkl974.re\/jardin\/\/wp-content\/uploads\/2011\/03\/P1040420-800x600.jpg\" alt=\"\" width=\"640\" height=\"480\" \/><\/a><em><span style=\"font-size: small;\">Il se faisait tard et la pluie a fait son apparition alors les mimis sont venus se r\u00e9fugier au sec:<\/span><\/em><br \/>\n <a href=\"http:\/\/www.bkl974.re\/jardin\/\/wp-content\/uploads\/2011\/03\/P1040382.jpg\" target=\"_blank\"><img loading=\"lazy\" decoding=\"async\" class=\"aligncenter size-large wp-image-2309\" title=\"P1040382\" src=\"http:\/\/www.bkl974.re\/jardin\/\/wp-content\/uploads\/2011\/03\/P1040382-800x600.jpg\" alt=\"\" width=\"640\" height=\"480\" \/><\/a><a href=\"http:\/\/www.bkl974.re\/jardin\/\/wp-content\/uploads\/2011\/03\/P1040384.jpg\" target=\"_blank\"><img loading=\"lazy\" decoding=\"async\" class=\"aligncenter size-large wp-image-2310\" title=\"P1040384\" src=\"http:\/\/www.bkl974.re\/jardin\/\/wp-content\/uploads\/2011\/03\/P1040384-800x600.jpg\" alt=\"\" width=\"640\" height=\"480\" \/><\/a><em><span style=\"font-size: small;\"><strong>Avant de finir sur les vues d&rsquo;ensemble une mini devinette, j&rsquo;ai pouss\u00e9 tout seul dans un pot qui suis-je?<\/strong><br \/>\n <\/span><\/em><a href=\"http:\/\/www.bkl974.re\/jardin\/\/wp-content\/uploads\/2011\/03\/questce.jpg\" target=\"_blank\"><img loading=\"lazy\" decoding=\"async\" class=\"aligncenter size-full wp-image-2311\" title=\"questce\" src=\"http:\/\/www.bkl974.re\/jardin\/\/wp-content\/uploads\/2011\/03\/questce.jpg\" alt=\"\" width=\"695\" height=\"1024\" \/><\/a><em><span style=\"font-size: small;\">et les vues d&rsquo;ensemble d&rsquo;aujourd&rsquo;hui:<\/span><\/em><br \/>\n <a href=\"http:\/\/www.bkl974.re\/jardin\/\/wp-content\/uploads\/2011\/03\/Pano06.03.jpg\" target=\"_blank\"><img loading=\"lazy\" decoding=\"async\" class=\"aligncenter size-large wp-image-2313\" title=\"Pano06.03\" src=\"http:\/\/www.bkl974.re\/jardin\/\/wp-content\/uploads\/2011\/03\/Pano06.03-800x355.jpg\" alt=\"\" width=\"640\" height=\"284\" \/><\/a><a href=\"http:\/\/www.bkl974.re\/jardin\/\/wp-content\/uploads\/2011\/03\/Pano06.032.jpg\" target=\"_blank\"><img loading=\"lazy\" decoding=\"async\" class=\"aligncenter size-large wp-image-2314\" title=\"Pano06.032\" src=\"http:\/\/www.bkl974.re\/jardin\/\/wp-content\/uploads\/2011\/03\/Pano06.032-800x446.jpg\" alt=\"\" width=\"640\" height=\"356\" \/><\/a><a href=\"http:\/\/www.bkl974.re\/jardin\/\/wp-content\/uploads\/2011\/03\/P1040416.jpg\" target=\"_blank\"><img loading=\"lazy\" decoding=\"async\" class=\"aligncenter size-large wp-image-2315\" title=\"P1040416\" src=\"http:\/\/www.bkl974.re\/jardin\/\/wp-content\/uploads\/2011\/03\/P1040416-800x449.jpg\" alt=\"\" width=\"640\" height=\"359\" \/><\/a><em><span style=\"font-size: small;\">et une photo des montagnes ce matin apr\u00e8s avoir tir\u00e9 le bout de mon nez par la fen\u00eatre de l&rsquo;autre cot\u00e9 de la maison, pour un tour de moto \u00e7a va \u00eatre d\u00e9licat=\/<\/span><\/em><\/span><\/span><\/p>\n<p style=\"text-align: left;\"><em><a href=\"http:\/\/www.bkl974.re\/jardin\/\/wp-content\/uploads\/2011\/03\/P1040422.jpg\"><img loading=\"lazy\" decoding=\"async\" class=\"aligncenter size-large wp-image-2316\" title=\"P1040422\" src=\"http:\/\/www.bkl974.re\/jardin\/\/wp-content\/uploads\/2011\/03\/P1040422-800x449.jpg\" alt=\"\" width=\"640\" height=\"359\" \/><\/a><\/em><\/p>\n<p style=\"text-align: center;\"><span style=\"font-size: x-small;\"><span style=\"font-size: small;\"><span style=\"font-size: x-small;\"><em><span style=\"font-size: small;\">A plus tard&#8230;.<\/span><\/em><\/span><\/span><\/span><\/p>\n","protected":false},"excerpt":{"rendered":"<p>Hier c&rsquo;\u00e9tait enfin une journ\u00e9e ou j&rsquo;ai pu m&rsquo;occuper de la terrasse sans \u00eatre\u00a0assomm\u00e9\u00a0par le soleil ou asperg\u00e9 par la pluie! Il y avait de beaux nuages qui m&rsquo;ont permis un grand nettoyage (un vrai). C&rsquo;est dimanche on a le temps il fait pas trop trop chaud je peux rester un peu sur l&rsquo;ordi alors fa\u00eetes chauffer les modems&#8230;. Ma journ\u00e9e d&rsquo;hier \u00e9tait longue \u00e9lagage, jardinage mais surtout nettoyage! de 10h du mat \u00e0 18h15 arr\u00eat\u00e9 par un coup de pluie vers la fin. \u00c7a faisait longtemps que je n&rsquo;avais pas vraiment \u00a0mis tout \u00e7a au propre (trop chaud trop de pluie)!\u00a0\u00c7a\u00a0m&rsquo;a pris toute la journ\u00e9e et des kg et des kg de salet\u00e9 de toute sorte plus tard c&rsquo;est propre=) J&rsquo;ai d\u00e9plac\u00e9 tout le monde pour nettoyer dessous, rempot\u00e9 celles qui en avaient besoin etc etc&#8230; quelques prises du d\u00e9but de chantier : Maintenant une curiosit\u00e9: Des racines qui&#8230;<\/p>\n<p> <a class=\"continue-reading-link\" href=\"http:\/\/www.bkl974.re\/jardin\/2011\/03\/06\/merci-aux-nuages\/\"><span>Continuer la lecture<\/span><i class=\"crycon-right-dir\"><\/i><\/a> <\/p>\n","protected":false},"author":1,"featured_media":0,"comment_status":"open","ping_status":"open","sticky":false,"template":"","format":"standard","meta":{"om_disable_all_campaigns":false,"_monsterinsights_skip_tracking":false,"_monsterinsights_sitenote_active":false,"_monsterinsights_sitenote_note":"","_monsterinsights_sitenote_category":0,"_uf_show_specific_survey":0,"_uf_disable_surveys":false,"footnotes":""},"categories":[3],"tags":[254,72,261,259,264,84,262,263,76,103,81],"class_list":["post-2284","post","type-post","status-publish","format-standard","hentry","category-jardin-balcon","tag-asparagus","tag-bougainvillier","tag-chantier","tag-coleus","tag-cycas","tag-ficus","tag-misere","tag-plante-grimpante","tag-pluie","tag-racine","tag-terrasse"],"aioseo_notices":[],"_links":{"self":[{"href":"http:\/\/www.bkl974.re\/jardin\/wp-json\/wp\/v2\/posts\/2284","targetHints":{"allow":["GET"]}}],"collection":[{"href":"http:\/\/www.bkl974.re\/jardin\/wp-json\/wp\/v2\/posts"}],"about":[{"href":"http:\/\/www.bkl974.re\/jardin\/wp-json\/wp\/v2\/types\/post"}],"author":[{"embeddable":true,"href":"http:\/\/www.bkl974.re\/jardin\/wp-json\/wp\/v2\/users\/1"}],"replies":[{"embeddable":true,"href":"http:\/\/www.bkl974.re\/jardin\/wp-json\/wp\/v2\/comments?post=2284"}],"version-history":[{"count":18,"href":"http:\/\/www.bkl974.re\/jardin\/wp-json\/wp\/v2\/posts\/2284\/revisions"}],"predecessor-version":[{"id":2325,"href":"http:\/\/www.bkl974.re\/jardin\/wp-json\/wp\/v2\/posts\/2284\/revisions\/2325"}],"wp:attachment":[{"href":"http:\/\/www.bkl974.re\/jardin\/wp-json\/wp\/v2\/media?parent=2284"}],"wp:term":[{"taxonomy":"category","embeddable":true,"href":"http:\/\/www.bkl974.re\/jardin\/wp-json\/wp\/v2\/categories?post=2284"},{"taxonomy":"post_tag","embeddable":true,"href":"http:\/\/www.bkl974.re\/jardin\/wp-json\/wp\/v2\/tags?post=2284"}],"curies":[{"name":"wp","href":"https:\/\/api.w.org\/{rel}","templated":true}]}}