{"id":2353,"date":"2011-03-10T15:53:49","date_gmt":"2011-03-10T11:53:49","guid":{"rendered":"http:\/\/www.bkl974.re\/jardin\/\/?p=2353"},"modified":"2022-11-17T18:30:10","modified_gmt":"2022-11-17T14:30:10","slug":"les-lumieres-comme-jaime","status":"publish","type":"post","link":"http:\/\/www.bkl974.re\/jardin\/2011\/03\/10\/les-lumieres-comme-jaime\/","title":{"rendered":"les lumi\u00e8res comme j&rsquo;aime"},"content":{"rendered":"<p style=\"text-align: left;\"><span style=\"font-size: small;\"><em>Hier le temps \u00e9tait chaud et beau avec en fin de journ\u00e9e cette lumi\u00e8re un peu sp\u00e9ciale en fin de journ\u00e9e qui est assez rare. Les photos ne retranscrivent pas comme je voudrais mais bon.<\/em><\/span><\/p>\n<p style=\"text-align: center;\"><span style=\"font-size: small;\"><em>Celles du midi:<br \/>\n<a href=\"http:\/\/www.bkl974.re\/jardin\/\/wp-content\/uploads\/2011\/03\/P1040449.jpg\" target=\"_blank\" rel=\"noopener\"><img loading=\"lazy\" decoding=\"async\" class=\"aligncenter size-large wp-image-2354\" title=\"P1040449\" src=\"http:\/\/www.bkl974.re\/jardin\/\/wp-content\/uploads\/2011\/03\/P1040449-800x600.jpg\" alt=\"\" width=\"640\" height=\"480\" \/><\/a>Un petit cardinal qui arrache des bouts de feuilles sur le palmier chez mon fr\u00e8re en bas=)<br \/>\n<a href=\"http:\/\/www.bkl974.re\/jardin\/\/wp-content\/uploads\/2011\/03\/P1040466.jpg\" target=\"_blank\" rel=\"noopener\"><img loading=\"lazy\" decoding=\"async\" class=\"aligncenter size-large wp-image-2355\" title=\"P1040466\" src=\"http:\/\/www.bkl974.re\/jardin\/\/wp-content\/uploads\/2011\/03\/P1040466-800x600.jpg\" alt=\"\" width=\"640\" height=\"480\" \/><\/a> <a href=\"http:\/\/www.bkl974.re\/jardin\/\/wp-content\/uploads\/2011\/03\/P10404671.jpg\" target=\"_blank\" rel=\"noopener\"><img loading=\"lazy\" decoding=\"async\" class=\"aligncenter size-large wp-image-2358\" title=\"P1040467\" src=\"http:\/\/www.bkl974.re\/jardin\/\/wp-content\/uploads\/2011\/03\/P10404671-800x600.jpg\" alt=\"\" width=\"640\" height=\"480\" \/><\/a><a href=\"http:\/\/www.bkl974.re\/jardin\/\/wp-content\/uploads\/2011\/03\/P1040468.jpg\" target=\"_blank\" rel=\"noopener\"><img loading=\"lazy\" decoding=\"async\" class=\"aligncenter size-large wp-image-2357\" title=\"P1040468\" src=\"http:\/\/www.bkl974.re\/jardin\/\/wp-content\/uploads\/2011\/03\/P1040468-800x600.jpg\" alt=\"\" width=\"640\" height=\"480\" \/><\/a>Une mandevilla:<br \/>\n<a href=\"http:\/\/www.bkl974.re\/jardin\/\/wp-content\/uploads\/2011\/03\/P1040478.jpg\" target=\"_blank\" rel=\"noopener\"><img loading=\"lazy\" decoding=\"async\" class=\"aligncenter size-large wp-image-2359\" title=\"P1040478\" src=\"http:\/\/www.bkl974.re\/jardin\/\/wp-content\/uploads\/2011\/03\/P1040478-800x600.jpg\" alt=\"\" width=\"640\" height=\"480\" \/><\/a> Toujours sans bouger de la terrasse une photo dune partie de l\u2019asparagus\u00a0de la maison abandonn\u00e9e dont je parlais dans l&rsquo;article pr\u00e9c\u00e9dent:<br \/>\n<a href=\"http:\/\/www.bkl974.re\/jardin\/\/wp-content\/uploads\/2011\/03\/P1040484.jpg\" target=\"_blank\" rel=\"noopener\"><img loading=\"lazy\" decoding=\"async\" class=\"aligncenter size-large wp-image-2360\" title=\"P1040484\" src=\"http:\/\/www.bkl974.re\/jardin\/\/wp-content\/uploads\/2011\/03\/P1040484-800x600.jpg\" alt=\"\" width=\"640\" height=\"480\" \/><\/a> Et nous voila le soir apr\u00e8s \u00eatre rentr\u00e9 du boulot j&rsquo;aime quand l&rsquo;atmosph\u00e8re est comme \u00e7a avec cette lumi\u00e8re d&rsquo;avant le couch\u00e9 du soleil!<br \/>\n<a href=\"http:\/\/www.bkl974.re\/jardin\/\/wp-content\/uploads\/2011\/03\/P1040490.jpg\" target=\"_blank\" rel=\"noopener\"><img loading=\"lazy\" decoding=\"async\" class=\"aligncenter size-large wp-image-2361\" title=\"P1040490\" src=\"http:\/\/www.bkl974.re\/jardin\/\/wp-content\/uploads\/2011\/03\/P1040490-800x554.jpg\" alt=\"\" width=\"640\" height=\"443\" \/><\/a>Et les derniers rayons de soleil sur les montagnes de l&rsquo;autre cot\u00e9 de la maison en direction de dos d&rsquo;ane=)<br \/>\n<a href=\"http:\/\/www.bkl974.re\/jardin\/\/wp-content\/uploads\/2011\/03\/findujour09.03.11.jpg\" target=\"_blank\" rel=\"noopener\"><img loading=\"lazy\" decoding=\"async\" class=\"aligncenter size-large wp-image-2362\" title=\"findujour09.03.11\" src=\"http:\/\/www.bkl974.re\/jardin\/\/wp-content\/uploads\/2011\/03\/findujour09.03.11-800x356.jpg\" alt=\"\" width=\"640\" height=\"284\" \/><\/a> <a href=\"http:\/\/www.bkl974.re\/jardin\/\/wp-content\/uploads\/2011\/03\/P1040492.jpg\" target=\"_blank\" rel=\"noopener\"><img loading=\"lazy\" decoding=\"async\" class=\"aligncenter size-large wp-image-2363\" title=\"P1040492\" src=\"http:\/\/www.bkl974.re\/jardin\/\/wp-content\/uploads\/2011\/03\/P1040492-800x400.jpg\" alt=\"\" width=\"640\" height=\"320\" \/><\/a>A plus tard &#8230;.<\/em><\/span><\/p>\n","protected":false},"excerpt":{"rendered":"<p>Hier le temps \u00e9tait chaud et beau avec en fin de journ\u00e9e cette lumi\u00e8re un peu sp\u00e9ciale en fin de journ\u00e9e qui est assez rare. Les photos ne retranscrivent pas comme je voudrais mais bon. Celles du midi: Un petit cardinal qui arrache des bouts de feuilles sur le palmier chez mon fr\u00e8re en bas=) Une mandevilla: Toujours sans bouger de la terrasse une photo dune partie de l\u2019asparagus\u00a0de la maison abandonn\u00e9e dont je parlais dans l&rsquo;article pr\u00e9c\u00e9dent: Et nous voila le soir apr\u00e8s \u00eatre rentr\u00e9 du boulot j&rsquo;aime quand l&rsquo;atmosph\u00e8re est comme \u00e7a avec cette lumi\u00e8re d&rsquo;avant le couch\u00e9 du soleil! Et les derniers rayons de soleil sur les montagnes de l&rsquo;autre cot\u00e9 de la maison en direction de dos d&rsquo;ane=) A plus tard &#8230;.<\/p>\n<p> <a class=\"continue-reading-link\" href=\"http:\/\/www.bkl974.re\/jardin\/2011\/03\/10\/les-lumieres-comme-jaime\/\"><span>Continuer la lecture<\/span><i class=\"crycon-right-dir\"><\/i><\/a> <\/p>\n","protected":false},"author":1,"featured_media":0,"comment_status":"open","ping_status":"open","sticky":false,"template":"","format":"standard","meta":{"om_disable_all_campaigns":false,"_monsterinsights_skip_tracking":false,"_monsterinsights_sitenote_active":false,"_monsterinsights_sitenote_note":"","_monsterinsights_sitenote_category":0,"_uf_show_specific_survey":0,"_uf_disable_surveys":false,"footnotes":""},"categories":[13,3,8],"tags":[254,33,265,62,249,266],"class_list":["post-2353","post","type-post","status-publish","format-standard","hentry","category-animaux","category-jardin-balcon","category-paysages","tag-asparagus","tag-cardinal","tag-cocotier","tag-dos-dane","tag-mandevilla","tag-montagne"],"aioseo_notices":[],"_links":{"self":[{"href":"http:\/\/www.bkl974.re\/jardin\/wp-json\/wp\/v2\/posts\/2353","targetHints":{"allow":["GET"]}}],"collection":[{"href":"http:\/\/www.bkl974.re\/jardin\/wp-json\/wp\/v2\/posts"}],"about":[{"href":"http:\/\/www.bkl974.re\/jardin\/wp-json\/wp\/v2\/types\/post"}],"author":[{"embeddable":true,"href":"http:\/\/www.bkl974.re\/jardin\/wp-json\/wp\/v2\/users\/1"}],"replies":[{"embeddable":true,"href":"http:\/\/www.bkl974.re\/jardin\/wp-json\/wp\/v2\/comments?post=2353"}],"version-history":[{"count":5,"href":"http:\/\/www.bkl974.re\/jardin\/wp-json\/wp\/v2\/posts\/2353\/revisions"}],"predecessor-version":[{"id":4348,"href":"http:\/\/www.bkl974.re\/jardin\/wp-json\/wp\/v2\/posts\/2353\/revisions\/4348"}],"wp:attachment":[{"href":"http:\/\/www.bkl974.re\/jardin\/wp-json\/wp\/v2\/media?parent=2353"}],"wp:term":[{"taxonomy":"category","embeddable":true,"href":"http:\/\/www.bkl974.re\/jardin\/wp-json\/wp\/v2\/categories?post=2353"},{"taxonomy":"post_tag","embeddable":true,"href":"http:\/\/www.bkl974.re\/jardin\/wp-json\/wp\/v2\/tags?post=2353"}],"curies":[{"name":"wp","href":"https:\/\/api.w.org\/{rel}","templated":true}]}}