{"id":2391,"date":"2011-03-18T15:24:17","date_gmt":"2011-03-18T11:24:17","guid":{"rendered":"http:\/\/www.bkl974.re\/jardin\/\/?p=2391"},"modified":"2011-03-18T15:24:17","modified_gmt":"2011-03-18T11:24:17","slug":"plante-chocolat","status":"publish","type":"post","link":"http:\/\/www.bkl974.re\/jardin\/2011\/03\/18\/plante-chocolat\/","title":{"rendered":"Plante chocolat"},"content":{"rendered":"<p style=\"text-align: left;\"><em><span style=\"font-size: small;\">Bonjour,<\/span><\/em><br \/>\n<em><span style=\"font-size: small;\">Et oui je n&rsquo;ai pas trop eu de temps cette semaine, ajout\u00e9 \u00e0 \u00e7a le monde qui part en vrille le soir j&rsquo;ai surtout \u00a0essay\u00e9 de\u00a0glaner\u00a0des infos \u00e0 droite \u00e0 gauche derri\u00e8re mon \u00e9cran! Tout ce qui en ressort est que c&rsquo;est impressionnant de voir \u00e0 quelle vitesse notre monde se d\u00e9grade dans tous les domaines en ce moment!!! Je reste comme nous tous, le petit observateur pas vraiment \u00e9tonn\u00e9 face aux crises en tous genres qui se profilent! la guerre, la vraie crise \u00e9conomique,\u00a0s\u00e9isme, menace nucl\u00e9aire et j&rsquo;en passe&#8230;.en attendant les cons\u00e9quences qui en\u00a0d\u00e9couleront\u00a0je me pose des questions fondamentales sur le noms de mes plantes.<\/span><\/em><\/p>\n<p><em><span style=\"font-size: small;\">\u00ab\u00a0La plante chocolat \u00a0\u00bb oui c&rsquo;est un petit nom qu&rsquo;on lui a donn\u00e9 sur le balcon. J&rsquo;ai cherch\u00e9 mais je ne trouve pas vous la connaissez?<\/span><\/em><br \/>\n<em><span style=\"font-size: small;\">La plante en entier ressemble \u00e0 \u00e7a (que vous avez d\u00e9j\u00e0 du apercevoir sur le balcon):<\/span><\/em><br \/>\n<em><span style=\"font-size: small;\"><a href=\"http:\/\/www.bkl974.re\/jardin\/\/wp-content\/uploads\/2011\/03\/P1040516.jpg\" target=\"_blank\"><img loading=\"lazy\" decoding=\"async\" class=\"aligncenter size-large wp-image-2392\" title=\"P1040516\" src=\"http:\/\/www.bkl974.re\/jardin\/\/wp-content\/uploads\/2011\/03\/P1040516-800x600.jpg\" alt=\"\" width=\"640\" height=\"480\" \/><\/a>Le plus \u00e9tonnant c&rsquo;est la couleur p\u00e9trole des nouvelles feuilles:<\/span><\/em><br \/>\n<em><span style=\"font-size: small;\"><a href=\"http:\/\/www.bkl974.re\/jardin\/\/wp-content\/uploads\/2011\/03\/P1040514.jpg\" target=\"_blank\"><img loading=\"lazy\" decoding=\"async\" class=\"aligncenter size-large wp-image-2393\" title=\"P1040514\" src=\"http:\/\/www.bkl974.re\/jardin\/\/wp-content\/uploads\/2011\/03\/P1040514-800x600.jpg\" alt=\"\" width=\"640\" height=\"480\" \/><\/a><a href=\"http:\/\/www.bkl974.re\/jardin\/\/wp-content\/uploads\/2011\/03\/P1040515.jpg\" target=\"_blank\"><img loading=\"lazy\" decoding=\"async\" class=\"aligncenter size-large wp-image-2394\" title=\"P1040515\" src=\"http:\/\/www.bkl974.re\/jardin\/\/wp-content\/uploads\/2011\/03\/P1040515-800x600.jpg\" alt=\"\" width=\"640\" height=\"480\" \/><\/a> il y a aussi des petites fleurs qui sortent de ces petites grappes. Les fleurs ressemble \u00e0 des minis fleurs de cerisier 8mm de diam\u00e8tre=)<\/span><\/em><br \/>\n<em><span style=\"font-size: small;\"><a href=\"http:\/\/www.bkl974.re\/jardin\/\/wp-content\/uploads\/2011\/03\/P1040511.jpg\" target=\"_blank\"><img loading=\"lazy\" decoding=\"async\" class=\"aligncenter size-large wp-image-2395\" title=\"P1040511\" src=\"http:\/\/www.bkl974.re\/jardin\/\/wp-content\/uploads\/2011\/03\/P1040511-800x600.jpg\" alt=\"\" width=\"640\" height=\"480\" \/><\/a><a href=\"http:\/\/www.bkl974.re\/jardin\/\/wp-content\/uploads\/2011\/03\/P1040512.jpg\" target=\"_blank\"><img loading=\"lazy\" decoding=\"async\" class=\"aligncenter size-large wp-image-2396\" title=\"P1040512\" src=\"http:\/\/www.bkl974.re\/jardin\/\/wp-content\/uploads\/2011\/03\/P1040512-800x600.jpg\" alt=\"\" width=\"640\" height=\"480\" \/><a href=\"http:\/\/www.bkl974.re\/jardin\/\/wp-content\/uploads\/2011\/03\/P1040513.jpg\" target=\"_blank\"><img loading=\"lazy\" decoding=\"async\" class=\"aligncenter size-large wp-image-2397\" title=\"P1040513\" src=\"http:\/\/www.bkl974.re\/jardin\/\/wp-content\/uploads\/2011\/03\/P1040513-800x600.jpg\" alt=\"\" width=\"640\" height=\"480\" \/><\/a><\/a>C&rsquo;est une plante que j&rsquo;aime beaucoup et que j&rsquo;ai depuis un bon moment j&rsquo;aimerais conna\u00eetre son nom et savoir comment la multiplier si c&rsquo;st possible =) <\/span><\/em><\/p>\n<p style=\"text-align: center;\"><em><span style=\"font-size: small;\"><br \/>\nA plus tard&#8230;. <\/span><\/em><\/p>\n","protected":false},"excerpt":{"rendered":"<p>Bonjour, Et oui je n&rsquo;ai pas trop eu de temps cette semaine, ajout\u00e9 \u00e0 \u00e7a le monde qui part en vrille le soir j&rsquo;ai surtout \u00a0essay\u00e9 de\u00a0glaner\u00a0des infos \u00e0 droite \u00e0 gauche derri\u00e8re mon \u00e9cran! Tout ce qui en ressort est que c&rsquo;est impressionnant de voir \u00e0 quelle vitesse notre monde se d\u00e9grade dans tous les domaines en ce moment!!! Je reste comme nous tous, le petit observateur pas vraiment \u00e9tonn\u00e9 face aux crises en tous genres qui se profilent! la guerre, la vraie crise \u00e9conomique,\u00a0s\u00e9isme, menace nucl\u00e9aire et j&rsquo;en passe&#8230;.en attendant les cons\u00e9quences qui en\u00a0d\u00e9couleront\u00a0je me pose des questions fondamentales sur le noms de mes plantes. \u00ab\u00a0La plante chocolat \u00a0\u00bb oui c&rsquo;est un petit nom qu&rsquo;on lui a donn\u00e9 sur le balcon. J&rsquo;ai cherch\u00e9 mais je ne trouve pas vous la connaissez? La plante en entier ressemble \u00e0 \u00e7a (que vous avez d\u00e9j\u00e0 du apercevoir sur le balcon): Le&#8230;<\/p>\n<p> <a class=\"continue-reading-link\" href=\"http:\/\/www.bkl974.re\/jardin\/2011\/03\/18\/plante-chocolat\/\"><span>Continuer la lecture<\/span><i class=\"crycon-right-dir\"><\/i><\/a> <\/p>\n","protected":false},"author":1,"featured_media":0,"comment_status":"open","ping_status":"open","sticky":false,"template":"","format":"standard","meta":{"om_disable_all_campaigns":false,"_monsterinsights_skip_tracking":false,"_monsterinsights_sitenote_active":false,"_monsterinsights_sitenote_note":"","_monsterinsights_sitenote_category":0,"_uf_show_specific_survey":0,"_uf_disable_surveys":false,"footnotes":""},"categories":[3],"tags":[],"class_list":["post-2391","post","type-post","status-publish","format-standard","hentry","category-jardin-balcon"],"aioseo_notices":[],"_links":{"self":[{"href":"http:\/\/www.bkl974.re\/jardin\/wp-json\/wp\/v2\/posts\/2391","targetHints":{"allow":["GET"]}}],"collection":[{"href":"http:\/\/www.bkl974.re\/jardin\/wp-json\/wp\/v2\/posts"}],"about":[{"href":"http:\/\/www.bkl974.re\/jardin\/wp-json\/wp\/v2\/types\/post"}],"author":[{"embeddable":true,"href":"http:\/\/www.bkl974.re\/jardin\/wp-json\/wp\/v2\/users\/1"}],"replies":[{"embeddable":true,"href":"http:\/\/www.bkl974.re\/jardin\/wp-json\/wp\/v2\/comments?post=2391"}],"version-history":[{"count":3,"href":"http:\/\/www.bkl974.re\/jardin\/wp-json\/wp\/v2\/posts\/2391\/revisions"}],"predecessor-version":[{"id":2400,"href":"http:\/\/www.bkl974.re\/jardin\/wp-json\/wp\/v2\/posts\/2391\/revisions\/2400"}],"wp:attachment":[{"href":"http:\/\/www.bkl974.re\/jardin\/wp-json\/wp\/v2\/media?parent=2391"}],"wp:term":[{"taxonomy":"category","embeddable":true,"href":"http:\/\/www.bkl974.re\/jardin\/wp-json\/wp\/v2\/categories?post=2391"},{"taxonomy":"post_tag","embeddable":true,"href":"http:\/\/www.bkl974.re\/jardin\/wp-json\/wp\/v2\/tags?post=2391"}],"curies":[{"name":"wp","href":"https:\/\/api.w.org\/{rel}","templated":true}]}}