{"id":26,"date":"2010-05-02T14:09:00","date_gmt":"2010-05-02T14:09:00","guid":{"rendered":"http:\/\/www.bkl974.re\/jardin\/\/?p=26"},"modified":"2024-09-14T18:05:09","modified_gmt":"2024-09-14T14:05:09","slug":"plus-de-montagnes","status":"publish","type":"post","link":"http:\/\/www.bkl974.re\/jardin\/2010\/05\/02\/plus-de-montagnes\/","title":{"rendered":"plus de montagnes"},"content":{"rendered":"<p><span style=\"font-size: small;\"><span style=\"color: #000000;\">\u00e7a c&rsquo;est de l&rsquo;autre cot\u00e9 de la maison \u00e7a tombe=)<br \/>\n<\/span><\/span><span style=\"font-size: small; line-height: 19px;\"><span style=\"color: #000000;\">normalement en toile de fond il y a les montagnes magnifiques le matins mais aujourd&rsquo;hui elles sont invisibles=)<\/span><\/span><\/p>\n<p><img loading=\"lazy\" decoding=\"async\" class=\"alignnone size-large wp-image-4928\" src=\"http:\/\/www.bkl974.re\/jardin\/wp-content\/uploads\/2010\/05\/IMGP0119-800x600.jpg\" alt=\"\" width=\"800\" height=\"600\" srcset=\"http:\/\/www.bkl974.re\/jardin\/wp-content\/uploads\/2010\/05\/IMGP0119-800x600.jpg 800w, http:\/\/www.bkl974.re\/jardin\/wp-content\/uploads\/2010\/05\/IMGP0119-600x450.jpg 600w, http:\/\/www.bkl974.re\/jardin\/wp-content\/uploads\/2010\/05\/IMGP0119-400x300.jpg 400w, http:\/\/www.bkl974.re\/jardin\/wp-content\/uploads\/2010\/05\/IMGP0119-768x576.jpg 768w, http:\/\/www.bkl974.re\/jardin\/wp-content\/uploads\/2010\/05\/IMGP0119-150x113.jpg 150w, http:\/\/www.bkl974.re\/jardin\/wp-content\/uploads\/2010\/05\/IMGP0119.jpg 1024w\" sizes=\"auto, (max-width: 800px) 100vw, 800px\" \/><\/p>\n<div class=\"separator\" style=\"clear: both; text-align: center;\"><\/div>\n<p><span style=\"-webkit-border-horizontal-spacing: 5px; -webkit-border-vertical-spacing: 5px; font-family: 'Lucida Grande', 'Trebuchet MS', Helvetica, Arial, sans-serif; font-size: 14px; line-height: 18px;\"><span style=\"color: #000000;\"><span style=\"font-size: small;\">ce soir pas besoin d&rsquo;arroser\u00a0=)<\/span><\/span><\/span><\/p>\n","protected":false},"excerpt":{"rendered":"<p>\u00e7a c&rsquo;est de l&rsquo;autre cot\u00e9 de la maison \u00e7a tombe=) normalement en toile de fond il y a les montagnes magnifiques le matins mais aujourd&rsquo;hui elles sont invisibles=) ce soir pas besoin d&rsquo;arroser\u00a0=)<\/p>\n<p> <a class=\"continue-reading-link\" href=\"http:\/\/www.bkl974.re\/jardin\/2010\/05\/02\/plus-de-montagnes\/\"><span>Continuer la lecture<\/span><i class=\"crycon-right-dir\"><\/i><\/a> <\/p>\n","protected":false},"author":1,"featured_media":0,"comment_status":"open","ping_status":"open","sticky":false,"template":"","format":"standard","meta":{"om_disable_all_campaigns":false,"_monsterinsights_skip_tracking":false,"_monsterinsights_sitenote_active":false,"_monsterinsights_sitenote_note":"","_monsterinsights_sitenote_category":0,"_uf_show_specific_survey":0,"_uf_disable_surveys":false,"footnotes":""},"categories":[8],"tags":[],"class_list":["post-26","post","type-post","status-publish","format-standard","hentry","category-paysages"],"aioseo_notices":[],"_links":{"self":[{"href":"http:\/\/www.bkl974.re\/jardin\/wp-json\/wp\/v2\/posts\/26","targetHints":{"allow":["GET"]}}],"collection":[{"href":"http:\/\/www.bkl974.re\/jardin\/wp-json\/wp\/v2\/posts"}],"about":[{"href":"http:\/\/www.bkl974.re\/jardin\/wp-json\/wp\/v2\/types\/post"}],"author":[{"embeddable":true,"href":"http:\/\/www.bkl974.re\/jardin\/wp-json\/wp\/v2\/users\/1"}],"replies":[{"embeddable":true,"href":"http:\/\/www.bkl974.re\/jardin\/wp-json\/wp\/v2\/comments?post=26"}],"version-history":[{"count":3,"href":"http:\/\/www.bkl974.re\/jardin\/wp-json\/wp\/v2\/posts\/26\/revisions"}],"predecessor-version":[{"id":4929,"href":"http:\/\/www.bkl974.re\/jardin\/wp-json\/wp\/v2\/posts\/26\/revisions\/4929"}],"wp:attachment":[{"href":"http:\/\/www.bkl974.re\/jardin\/wp-json\/wp\/v2\/media?parent=26"}],"wp:term":[{"taxonomy":"category","embeddable":true,"href":"http:\/\/www.bkl974.re\/jardin\/wp-json\/wp\/v2\/categories?post=26"},{"taxonomy":"post_tag","embeddable":true,"href":"http:\/\/www.bkl974.re\/jardin\/wp-json\/wp\/v2\/tags?post=26"}],"curies":[{"name":"wp","href":"https:\/\/api.w.org\/{rel}","templated":true}]}}