{"id":27,"date":"2010-05-02T14:35:00","date_gmt":"2010-05-02T14:35:00","guid":{"rendered":"http:\/\/www.bkl974.re\/jardin\/\/?p=27"},"modified":"2024-09-14T18:15:52","modified_gmt":"2024-09-14T14:15:52","slug":"une-accalmie","status":"publish","type":"post","link":"http:\/\/www.bkl974.re\/jardin\/2010\/05\/02\/une-accalmie\/","title":{"rendered":"Une accalmie"},"content":{"rendered":"<p>La pluie s&rsquo;est calm\u00e9e 5 min je suis sortis 2 secondes il bruine toujours(il farine on dit chez nous)=)derniers n\u00e9s sortis de leurs graines l&rsquo;ylang ylang 2 petits plants dans le m\u00eame pot bient\u00f4t un pot plus gros chacun. Ils sont tout jeunes pour le moment et en plus la croissance n&rsquo;a pas l&rsquo;air rapide<\/p>\n<p><img loading=\"lazy\" decoding=\"async\" class=\"alignnone size-large wp-image-4930\" src=\"http:\/\/www.bkl974.re\/jardin\/wp-content\/uploads\/2010\/05\/IMGP0125-800x600.jpg\" alt=\"\" width=\"800\" height=\"600\" srcset=\"http:\/\/www.bkl974.re\/jardin\/wp-content\/uploads\/2010\/05\/IMGP0125-800x600.jpg 800w, http:\/\/www.bkl974.re\/jardin\/wp-content\/uploads\/2010\/05\/IMGP0125-600x450.jpg 600w, http:\/\/www.bkl974.re\/jardin\/wp-content\/uploads\/2010\/05\/IMGP0125-400x300.jpg 400w, http:\/\/www.bkl974.re\/jardin\/wp-content\/uploads\/2010\/05\/IMGP0125-768x576.jpg 768w, http:\/\/www.bkl974.re\/jardin\/wp-content\/uploads\/2010\/05\/IMGP0125-150x113.jpg 150w, http:\/\/www.bkl974.re\/jardin\/wp-content\/uploads\/2010\/05\/IMGP0125.jpg 1024w\" sizes=\"auto, (max-width: 800px) 100vw, 800px\" \/><\/p>\n<div>\u00a0<\/div>\n<p><em>faisons un pti tour dans des petits recoins apr\u00e8s la pluie.<br \/><\/em><em>par exemple cette plante, j&rsquo;ai r\u00e9cup\u00e9r\u00e9 un tout petit bout en montagne (1600m)il y a un petit moment. C&rsquo;est super solide je l&rsquo;avais oubli\u00e9 dans la voiture en plein soleil pendant plusieurs jours\u00a0<img decoding=\"async\" title=\"Confus\" src=\"http:\/\/www.aujardin.org\/images\/smilies\/icon_confused.gif\" alt=\":?\" \/> sans eau ni m\u00eame terre!! et bien du petit bout j&rsquo;en ai partout maintenant. Je ne sais pas ce que c&rsquo;est mais j&rsquo;aime beaucoup et \u00e7a pousse absolument partout.<\/em><\/p>\n<p><img loading=\"lazy\" decoding=\"async\" class=\"alignnone size-large wp-image-4932\" src=\"http:\/\/www.bkl974.re\/jardin\/wp-content\/uploads\/2010\/05\/IMGP0126-800x548.jpg\" alt=\"\" width=\"800\" height=\"548\" srcset=\"http:\/\/www.bkl974.re\/jardin\/wp-content\/uploads\/2010\/05\/IMGP0126-800x548.jpg 800w, http:\/\/www.bkl974.re\/jardin\/wp-content\/uploads\/2010\/05\/IMGP0126-600x411.jpg 600w, http:\/\/www.bkl974.re\/jardin\/wp-content\/uploads\/2010\/05\/IMGP0126-768x527.jpg 768w, http:\/\/www.bkl974.re\/jardin\/wp-content\/uploads\/2010\/05\/IMGP0126-150x103.jpg 150w, http:\/\/www.bkl974.re\/jardin\/wp-content\/uploads\/2010\/05\/IMGP0126.jpg 1024w\" sizes=\"auto, (max-width: 800px) 100vw, 800px\" \/><\/p>\n<p><img loading=\"lazy\" decoding=\"async\" class=\"alignnone size-large wp-image-4933\" src=\"http:\/\/www.bkl974.re\/jardin\/wp-content\/uploads\/2010\/05\/IMGP0131-800x600.jpg\" alt=\"\" width=\"800\" height=\"600\" srcset=\"http:\/\/www.bkl974.re\/jardin\/wp-content\/uploads\/2010\/05\/IMGP0131-800x600.jpg 800w, http:\/\/www.bkl974.re\/jardin\/wp-content\/uploads\/2010\/05\/IMGP0131-600x450.jpg 600w, http:\/\/www.bkl974.re\/jardin\/wp-content\/uploads\/2010\/05\/IMGP0131-400x300.jpg 400w, http:\/\/www.bkl974.re\/jardin\/wp-content\/uploads\/2010\/05\/IMGP0131-768x576.jpg 768w, http:\/\/www.bkl974.re\/jardin\/wp-content\/uploads\/2010\/05\/IMGP0131-150x113.jpg 150w, http:\/\/www.bkl974.re\/jardin\/wp-content\/uploads\/2010\/05\/IMGP0131.jpg 1024w\" sizes=\"auto, (max-width: 800px) 100vw, 800px\" \/><\/p>\n<div>\u00a0<\/div>\n<div>\u00a0<\/div>\n<p>Voici mon olivier qui joue des branches pour se d\u00e9barrasser d&rsquo;une vieille feuille de banane=)<br \/>les arbres de l&rsquo;arri\u00e8re plan ceux sont des pieds de papaye (colombo les meilleures) de litchi, de manques, longani banane et coco=)<\/p>\n<p>Un petit cadeau de mon grand p\u00e8re j&rsquo;aimerais bien s\u00e9parer les diff\u00e9rentes esp\u00e8ces mais je n&rsquo;ai jamais os\u00e9=)<\/p>\n<p><img loading=\"lazy\" decoding=\"async\" class=\"alignnone size-large wp-image-4934\" src=\"http:\/\/www.bkl974.re\/jardin\/wp-content\/uploads\/2010\/05\/IMGP0129-800x600.jpg\" alt=\"\" width=\"800\" height=\"600\" srcset=\"http:\/\/www.bkl974.re\/jardin\/wp-content\/uploads\/2010\/05\/IMGP0129-800x600.jpg 800w, http:\/\/www.bkl974.re\/jardin\/wp-content\/uploads\/2010\/05\/IMGP0129-600x450.jpg 600w, http:\/\/www.bkl974.re\/jardin\/wp-content\/uploads\/2010\/05\/IMGP0129-400x300.jpg 400w, http:\/\/www.bkl974.re\/jardin\/wp-content\/uploads\/2010\/05\/IMGP0129-768x576.jpg 768w, http:\/\/www.bkl974.re\/jardin\/wp-content\/uploads\/2010\/05\/IMGP0129-150x113.jpg 150w, http:\/\/www.bkl974.re\/jardin\/wp-content\/uploads\/2010\/05\/IMGP0129.jpg 1024w\" sizes=\"auto, (max-width: 800px) 100vw, 800px\" \/><\/p>\n<div>\u00a0<\/div>\n<p>Dans un petit coin cach\u00e9:<\/p>\n<p>Des boutures camoufl\u00e9es qui prendrons bient\u00f4t une place au soleil=)<\/p>\n<p><img loading=\"lazy\" decoding=\"async\" class=\"alignnone size-large wp-image-4935\" src=\"http:\/\/www.bkl974.re\/jardin\/wp-content\/uploads\/2010\/05\/IMGP0138-800x600.jpg\" alt=\"\" width=\"800\" height=\"600\" srcset=\"http:\/\/www.bkl974.re\/jardin\/wp-content\/uploads\/2010\/05\/IMGP0138-800x600.jpg 800w, http:\/\/www.bkl974.re\/jardin\/wp-content\/uploads\/2010\/05\/IMGP0138-600x450.jpg 600w, http:\/\/www.bkl974.re\/jardin\/wp-content\/uploads\/2010\/05\/IMGP0138-400x300.jpg 400w, http:\/\/www.bkl974.re\/jardin\/wp-content\/uploads\/2010\/05\/IMGP0138-768x576.jpg 768w, http:\/\/www.bkl974.re\/jardin\/wp-content\/uploads\/2010\/05\/IMGP0138-150x113.jpg 150w, http:\/\/www.bkl974.re\/jardin\/wp-content\/uploads\/2010\/05\/IMGP0138.jpg 1024w\" sizes=\"auto, (max-width: 800px) 100vw, 800px\" \/><\/p>\n<div>\u00a0<\/div>\n<p><strong>elles donneront \u00e7a:<\/strong><\/p>\n<p><img loading=\"lazy\" decoding=\"async\" class=\"alignnone size-large wp-image-4938\" src=\"http:\/\/www.bkl974.re\/jardin\/wp-content\/uploads\/2010\/05\/IMGP0141-1-800x600.jpg\" alt=\"\" width=\"800\" height=\"600\" srcset=\"http:\/\/www.bkl974.re\/jardin\/wp-content\/uploads\/2010\/05\/IMGP0141-1-800x600.jpg 800w, http:\/\/www.bkl974.re\/jardin\/wp-content\/uploads\/2010\/05\/IMGP0141-1-600x450.jpg 600w, http:\/\/www.bkl974.re\/jardin\/wp-content\/uploads\/2010\/05\/IMGP0141-1-400x300.jpg 400w, http:\/\/www.bkl974.re\/jardin\/wp-content\/uploads\/2010\/05\/IMGP0141-1-768x576.jpg 768w, http:\/\/www.bkl974.re\/jardin\/wp-content\/uploads\/2010\/05\/IMGP0141-1-150x113.jpg 150w, http:\/\/www.bkl974.re\/jardin\/wp-content\/uploads\/2010\/05\/IMGP0141-1.jpg 1024w\" sizes=\"auto, (max-width: 800px) 100vw, 800px\" \/><\/p>\n<div>\u00a0<\/div>\n<p>Des fleurs qui ne se ferment pas sous la pluie=)<\/p>\n<p><img loading=\"lazy\" decoding=\"async\" class=\"alignnone size-large wp-image-4939\" src=\"http:\/\/www.bkl974.re\/jardin\/wp-content\/uploads\/2010\/05\/IMGP0136-800x600.jpg\" alt=\"\" width=\"800\" height=\"600\" srcset=\"http:\/\/www.bkl974.re\/jardin\/wp-content\/uploads\/2010\/05\/IMGP0136-800x600.jpg 800w, http:\/\/www.bkl974.re\/jardin\/wp-content\/uploads\/2010\/05\/IMGP0136-600x450.jpg 600w, http:\/\/www.bkl974.re\/jardin\/wp-content\/uploads\/2010\/05\/IMGP0136-400x300.jpg 400w, http:\/\/www.bkl974.re\/jardin\/wp-content\/uploads\/2010\/05\/IMGP0136-768x576.jpg 768w, http:\/\/www.bkl974.re\/jardin\/wp-content\/uploads\/2010\/05\/IMGP0136-150x113.jpg 150w, http:\/\/www.bkl974.re\/jardin\/wp-content\/uploads\/2010\/05\/IMGP0136.jpg 1024w\" sizes=\"auto, (max-width: 800px) 100vw, 800px\" \/><\/p>\n<div>\u00a0<\/div>\n<p><strong>ou encore:<\/strong><\/p>\n<p><img loading=\"lazy\" decoding=\"async\" class=\"alignnone size-large wp-image-4940\" src=\"http:\/\/www.bkl974.re\/jardin\/wp-content\/uploads\/2010\/05\/IMGP0144-800x600.jpg\" alt=\"\" width=\"800\" height=\"600\" srcset=\"http:\/\/www.bkl974.re\/jardin\/wp-content\/uploads\/2010\/05\/IMGP0144-800x600.jpg 800w, http:\/\/www.bkl974.re\/jardin\/wp-content\/uploads\/2010\/05\/IMGP0144-600x450.jpg 600w, http:\/\/www.bkl974.re\/jardin\/wp-content\/uploads\/2010\/05\/IMGP0144-400x300.jpg 400w, http:\/\/www.bkl974.re\/jardin\/wp-content\/uploads\/2010\/05\/IMGP0144-768x576.jpg 768w, http:\/\/www.bkl974.re\/jardin\/wp-content\/uploads\/2010\/05\/IMGP0144-150x113.jpg 150w, http:\/\/www.bkl974.re\/jardin\/wp-content\/uploads\/2010\/05\/IMGP0144.jpg 1024w\" sizes=\"auto, (max-width: 800px) 100vw, 800px\" \/><\/p>\n<div>\u00a0<\/div>\n<p>Et un petit tour en deuxi\u00e8me ligne (pas de soleil direct)un bout de l&rsquo;infirmerie on peut voir une petite qui revient de loin elle a failli y rester a son premier \u00e9t\u00e9&#8230;<\/p>\n<div><img loading=\"lazy\" decoding=\"async\" class=\"alignnone size-large wp-image-4941\" src=\"http:\/\/www.bkl974.re\/jardin\/wp-content\/uploads\/2010\/05\/IMGP0146-800x600.jpg\" alt=\"\" width=\"800\" height=\"600\" srcset=\"http:\/\/www.bkl974.re\/jardin\/wp-content\/uploads\/2010\/05\/IMGP0146-800x600.jpg 800w, http:\/\/www.bkl974.re\/jardin\/wp-content\/uploads\/2010\/05\/IMGP0146-600x450.jpg 600w, http:\/\/www.bkl974.re\/jardin\/wp-content\/uploads\/2010\/05\/IMGP0146-400x300.jpg 400w, http:\/\/www.bkl974.re\/jardin\/wp-content\/uploads\/2010\/05\/IMGP0146-768x576.jpg 768w, http:\/\/www.bkl974.re\/jardin\/wp-content\/uploads\/2010\/05\/IMGP0146-150x113.jpg 150w, http:\/\/www.bkl974.re\/jardin\/wp-content\/uploads\/2010\/05\/IMGP0146.jpg 1024w\" sizes=\"auto, (max-width: 800px) 100vw, 800px\" \/><br \/>A plus tard&#8230;.<\/div>\n\n","protected":false},"excerpt":{"rendered":"<p>La pluie s&rsquo;est calm\u00e9e 5 min je suis sortis 2 secondes il bruine toujours(il farine on dit chez nous)=)derniers n\u00e9s sortis de leurs graines l&rsquo;ylang ylang 2 petits plants dans le m\u00eame pot bient\u00f4t un pot plus gros chacun. Ils sont tout jeunes pour le moment et en plus la croissance n&rsquo;a pas l&rsquo;air rapide \u00a0 faisons un pti tour dans des petits recoins apr\u00e8s la pluie.par exemple cette plante, j&rsquo;ai r\u00e9cup\u00e9r\u00e9 un tout petit bout en montagne (1600m)il y a un petit moment. C&rsquo;est super solide je l&rsquo;avais oubli\u00e9 dans la voiture en plein soleil pendant plusieurs jours\u00a0 sans eau ni m\u00eame terre!! et bien du petit bout j&rsquo;en ai partout maintenant. Je ne sais pas ce que c&rsquo;est mais j&rsquo;aime beaucoup et \u00e7a pousse absolument partout. \u00a0 \u00a0 Voici mon olivier qui joue des branches pour se d\u00e9barrasser d&rsquo;une vieille feuille de banane=)les arbres de l&rsquo;arri\u00e8re plan ceux&#8230;<\/p>\n<p> <a class=\"continue-reading-link\" href=\"http:\/\/www.bkl974.re\/jardin\/2010\/05\/02\/une-accalmie\/\"><span>Continuer la lecture<\/span><i class=\"crycon-right-dir\"><\/i><\/a> <\/p>\n","protected":false},"author":1,"featured_media":0,"comment_status":"open","ping_status":"open","sticky":false,"template":"","format":"standard","meta":{"om_disable_all_campaigns":false,"_monsterinsights_skip_tracking":false,"_monsterinsights_sitenote_active":false,"_monsterinsights_sitenote_note":"","_monsterinsights_sitenote_category":0,"_uf_show_specific_survey":0,"_uf_disable_surveys":false,"footnotes":""},"categories":[3],"tags":[71],"class_list":["post-27","post","type-post","status-publish","format-standard","hentry","category-jardin-balcon","tag-vanillier-de-cayenne"],"aioseo_notices":[],"_links":{"self":[{"href":"http:\/\/www.bkl974.re\/jardin\/wp-json\/wp\/v2\/posts\/27","targetHints":{"allow":["GET"]}}],"collection":[{"href":"http:\/\/www.bkl974.re\/jardin\/wp-json\/wp\/v2\/posts"}],"about":[{"href":"http:\/\/www.bkl974.re\/jardin\/wp-json\/wp\/v2\/types\/post"}],"author":[{"embeddable":true,"href":"http:\/\/www.bkl974.re\/jardin\/wp-json\/wp\/v2\/users\/1"}],"replies":[{"embeddable":true,"href":"http:\/\/www.bkl974.re\/jardin\/wp-json\/wp\/v2\/comments?post=27"}],"version-history":[{"count":8,"href":"http:\/\/www.bkl974.re\/jardin\/wp-json\/wp\/v2\/posts\/27\/revisions"}],"predecessor-version":[{"id":4942,"href":"http:\/\/www.bkl974.re\/jardin\/wp-json\/wp\/v2\/posts\/27\/revisions\/4942"}],"wp:attachment":[{"href":"http:\/\/www.bkl974.re\/jardin\/wp-json\/wp\/v2\/media?parent=27"}],"wp:term":[{"taxonomy":"category","embeddable":true,"href":"http:\/\/www.bkl974.re\/jardin\/wp-json\/wp\/v2\/categories?post=27"},{"taxonomy":"post_tag","embeddable":true,"href":"http:\/\/www.bkl974.re\/jardin\/wp-json\/wp\/v2\/tags?post=27"}],"curies":[{"name":"wp","href":"https:\/\/api.w.org\/{rel}","templated":true}]}}