{"id":3419,"date":"2012-12-09T02:57:16","date_gmt":"2012-12-08T22:57:16","guid":{"rendered":"http:\/\/www.bkl974.re\/jardin\/\/?p=3419"},"modified":"2012-12-09T13:28:51","modified_gmt":"2012-12-09T09:28:51","slug":"un-resume-de-quelques-jours","status":"publish","type":"post","link":"http:\/\/www.bkl974.re\/jardin\/2012\/12\/09\/un-resume-de-quelques-jours\/","title":{"rendered":"Un R\u00e9sum\u00e9 de quelques jours&#8230;."},"content":{"rendered":"<p style=\"text-align: justify;\"><em><span style=\"font-size: small;\">Comme toutes les fins d&rsquo;ann\u00e9e le boulot\u00a0s\u2019intensifie\u00a0donc pas trop le temps de\u00a0tra\u00eener\u00a0le soir sur le PC &#8230;.<\/span><\/em><br \/>\n<em><span style=\"font-size: small;\">Mais rien n&#8217;emp\u00eache de venir poser\u00a0quelques\u00a0photos de la chaleur de l&rsquo;\u00e9t\u00e9 quand j&rsquo;ai un moment! \u00a0Le jardin est bien reparti malgr\u00e9 un\u00a0d\u00e9broussaillage\u00a0un peu trop franc la derni\u00e8re fois=)<\/span><\/em><br \/>\n<em><span style=\"font-size: small;\">Il fait chaud et enfin il pleut une ou deux goutte de temps \u00e0 autres. En tous cas le taux d&rsquo;humidit\u00e9 a grimp\u00e9, les plantes sont pour, mais les moustiques sont de retour je suis plut\u00f4t contre m\u00eame si j&rsquo;ai la chance qu&rsquo;ils ne m&rsquo;aiment pas trop =) <\/span><\/em><\/p>\n<p><em><span style=\"font-size: small;\">On y va pour une semaine de photos du jardin \u00e0 diff\u00e9rentes heures, dans diff\u00e9rents \u00e9tats et humeurs=)<\/span><\/em><\/p>\n<p><em><span style=\"font-size: small;\"><a href=\"http:\/\/www.bkl974.re\/jardin\/\/wp-content\/uploads\/2012\/12\/IMGP0152.jpg\" target=\"_blank\"><img loading=\"lazy\" decoding=\"async\" class=\"aligncenter size-large wp-image-3420\" title=\"IMGP0152\" src=\"http:\/\/www.bkl974.re\/jardin\/\/wp-content\/uploads\/2012\/12\/IMGP0152-800x532.jpg\" alt=\"\" width=\"640\" height=\"425\" \/><\/a>Le coin lecture improvis\u00e9 de Madame bkl \u00a0elle est trop\u00a0mignonne sous son drap=)<\/span><\/em><br \/>\n<em><span style=\"font-size: small;\"><a href=\"http:\/\/www.bkl974.re\/jardin\/\/wp-content\/uploads\/2012\/12\/IMG_1416.jpg\" target=\"_blank\"><img loading=\"lazy\" decoding=\"async\" class=\"aligncenter size-large wp-image-3421\" title=\"IMG_1416\" src=\"http:\/\/www.bkl974.re\/jardin\/\/wp-content\/uploads\/2012\/12\/IMG_1416-800x532.jpg\" alt=\"\" width=\"640\" height=\"425\" \/><\/a>Je ne suis pas s\u00fbr mais je crois que cette liane qui a fait son apparition il n&rsquo;y a \u00a0pas longtemps est une vari\u00e9t\u00e9\u00a0d\u2019Ipom\u00e9e &#8230;j&rsquo;attends les fleurs.<\/span><\/em><br \/>\n<em><span style=\"font-size: small;\">La nouvelle feuille annuelle de mon palmiste queue de poisson serait rest\u00e9e ferm\u00e9e sans un coup de main:<\/span><\/em><br \/>\n<em><span style=\"font-size: small;\"><a href=\"http:\/\/www.bkl974.re\/jardin\/\/wp-content\/uploads\/2012\/12\/IMG_1420.jpg\" target=\"_blank\"><img loading=\"lazy\" decoding=\"async\" class=\"aligncenter size-large wp-image-3422\" title=\"IMG_1420\" src=\"http:\/\/www.bkl974.re\/jardin\/\/wp-content\/uploads\/2012\/12\/IMG_1420-800x600.jpg\" alt=\"\" width=\"640\" height=\"480\" \/><\/a> <a href=\"http:\/\/www.bkl974.re\/jardin\/\/wp-content\/uploads\/2012\/12\/IMG_1421.jpg\" target=\"_blank\"><img loading=\"lazy\" decoding=\"async\" class=\"aligncenter size-large wp-image-3423\" title=\"IMG_1421\" src=\"http:\/\/www.bkl974.re\/jardin\/\/wp-content\/uploads\/2012\/12\/IMG_1421-800x600.jpg\" alt=\"\" width=\"640\" height=\"480\" \/><\/a><a href=\"http:\/\/www.bkl974.re\/jardin\/\/wp-content\/uploads\/2012\/12\/IMG_1430.jpg\" target=\"_blank\"><img loading=\"lazy\" decoding=\"async\" class=\"aligncenter size-large wp-image-3424\" title=\"IMG_1430\" src=\"http:\/\/www.bkl974.re\/jardin\/\/wp-content\/uploads\/2012\/12\/IMG_1430-800x533.jpg\" alt=\"\" width=\"640\" height=\"426\" \/><\/a>Un bon coup de soleil<\/span><\/em><br \/>\n<em><span style=\"font-size: small;\"><a href=\"http:\/\/www.bkl974.re\/jardin\/\/wp-content\/uploads\/2012\/12\/IMGP0076.jpg\" target=\"_blank\"><img loading=\"lazy\" decoding=\"async\" class=\"aligncenter size-large wp-image-3425\" title=\"IMGP0076\" src=\"http:\/\/www.bkl974.re\/jardin\/\/wp-content\/uploads\/2012\/12\/IMGP0076-800x534.jpg\" alt=\"\" width=\"640\" height=\"427\" \/><\/a> ah la vie de chat<\/span><\/em><br \/>\n<em><span style=\"font-size: small;\"><a href=\"http:\/\/www.bkl974.re\/jardin\/\/wp-content\/uploads\/2012\/12\/IMGP0082.jpg\" target=\"_blank\"><img loading=\"lazy\" decoding=\"async\" class=\"aligncenter size-large wp-image-3426\" title=\"IMGP0082\" src=\"http:\/\/www.bkl974.re\/jardin\/\/wp-content\/uploads\/2012\/12\/IMGP0082-800x532.jpg\" alt=\"\" width=\"640\" height=\"425\" \/><\/a>Fin de journ\u00e9e plut\u00f4t agr\u00e9able la non?<\/span><\/em><br \/>\n<em><span style=\"font-size: small;\"><a href=\"http:\/\/www.bkl974.re\/jardin\/\/wp-content\/uploads\/2012\/12\/IMGP0097.jpg\" target=\"_blank\"><img loading=\"lazy\" decoding=\"async\" class=\"aligncenter size-large wp-image-3427\" title=\"IMGP0097\" src=\"http:\/\/www.bkl974.re\/jardin\/\/wp-content\/uploads\/2012\/12\/IMGP0097-800x534.jpg\" alt=\"\" width=\"640\" height=\"427\" \/><\/a> L&rsquo;une des plantes les plus pratique sur le balcon (turnera umifolia) besoin d&rsquo;aucun soin, se s\u00e8me toute seule un peu partout, avec un peu l&rsquo;aide des fourmis, solide, jolie, presque parfaite et non! Faut pas y toucher elle ne sent pas bon du tout et les feuilles sentent encore pire=) heureusement qu&rsquo;elle pousse toute seule!<\/span><\/em><br \/>\n<em><span style=\"font-size: small;\"><a href=\"http:\/\/www.bkl974.re\/jardin\/\/wp-content\/uploads\/2012\/12\/IMGP0101.jpg\" target=\"_blank\"><img loading=\"lazy\" decoding=\"async\" class=\"aligncenter size-large wp-image-3428\" title=\"IMGP0101\" src=\"http:\/\/www.bkl974.re\/jardin\/\/wp-content\/uploads\/2012\/12\/IMGP0101-800x532.jpg\" alt=\"\" width=\"640\" height=\"425\" \/><\/a>L&rsquo;\u00e9t\u00e9 est la et comme chaque ann\u00e9e la voie lact\u00e9e est bien au rendez-vous dans mon angle de vis\u00e9e, des Messiers \u00e0 trouver et\u00a0Jupiter\u00a0qui danse \u00a0sous mon nez en attendant Mars et la belle Saturne sans trop tarder. Le Dobson sort de son sommeil :<\/span><\/em><br \/>\n<em><span style=\"font-size: small;\"><a href=\"http:\/\/www.bkl974.re\/jardin\/\/wp-content\/uploads\/2012\/12\/IMGP0103.jpg\" target=\"_blank\"><img loading=\"lazy\" decoding=\"async\" class=\"aligncenter size-large wp-image-3429\" title=\"IMGP0103\" src=\"http:\/\/www.bkl974.re\/jardin\/\/wp-content\/uploads\/2012\/12\/IMGP0103-800x532.jpg\" alt=\"\" width=\"640\" height=\"425\" \/><\/a>Pour la lune on peut la prendre directement avec l&rsquo;APN \u00e0 main lev\u00e9e, C&rsquo;est chouette\u00a0quand\u00a0m\u00eame\u00a0ces gros\u00a0zooms.<\/span><\/em><br \/>\n<em><span style=\"font-size: small;\"><a href=\"http:\/\/www.bkl974.re\/jardin\/\/wp-content\/uploads\/2012\/12\/IMG_1472.jpg\" target=\"_blank\"><img loading=\"lazy\" decoding=\"async\" class=\"aligncenter size-large wp-image-3430\" title=\"IMG_1472\" src=\"http:\/\/www.bkl974.re\/jardin\/\/wp-content\/uploads\/2012\/12\/IMG_1472-800x533.jpg\" alt=\"\" width=\"640\" height=\"426\" \/><\/a>Allez on retourne sur terre lui il y est=)<\/span><\/em><br \/>\n<em><span style=\"font-size: small;\"><a href=\"http:\/\/www.bkl974.re\/jardin\/\/wp-content\/uploads\/2012\/12\/IMGP0109.jpg\" target=\"_blank\"><img loading=\"lazy\" decoding=\"async\" class=\"aligncenter size-large wp-image-3432\" title=\"IMGP0109\" src=\"http:\/\/www.bkl974.re\/jardin\/\/wp-content\/uploads\/2012\/12\/IMGP0109-800x532.jpg\" alt=\"\" width=\"640\" height=\"425\" \/><\/a>Ces anthuriums qui\u00a0finiront\u00a0leurs vies dans le salon <\/span><\/em><br \/>\n<em><span style=\"font-size: small;\"><a href=\"http:\/\/www.bkl974.re\/jardin\/\/wp-content\/uploads\/2012\/12\/IMGP0112.jpg\" target=\"_blank\"><img loading=\"lazy\" decoding=\"async\" class=\"aligncenter size-large wp-image-3433\" title=\"IMGP0112\" src=\"http:\/\/www.bkl974.re\/jardin\/\/wp-content\/uploads\/2012\/12\/IMGP0112-800x532.jpg\" alt=\"\" width=\"640\" height=\"425\" \/><\/a>Un autre grand travailleur=)<\/span><\/em><br \/>\n<em><span style=\"font-size: small;\"><a href=\"http:\/\/www.bkl974.re\/jardin\/\/wp-content\/uploads\/2012\/12\/IMGP0121.jpg\" target=\"_blank\"><img loading=\"lazy\" decoding=\"async\" class=\"aligncenter size-large wp-image-3434\" title=\"IMGP0121\" src=\"http:\/\/www.bkl974.re\/jardin\/\/wp-content\/uploads\/2012\/12\/IMGP0121-800x532.jpg\" alt=\"\" width=\"640\" height=\"425\" \/><\/a>Mon s\u00e9cateur attend\u00a0patiemment\u00a0la fin des petites bleu pour lancer une autre floraison<\/span><\/em><br \/>\n<em><span style=\"font-size: small;\"><a href=\"http:\/\/www.bkl974.re\/jardin\/\/wp-content\/uploads\/2012\/12\/IMGP0124.jpg\" target=\"_blank\"><img loading=\"lazy\" decoding=\"async\" class=\"aligncenter size-large wp-image-3435\" title=\"IMGP0124\" src=\"http:\/\/www.bkl974.re\/jardin\/\/wp-content\/uploads\/2012\/12\/IMGP0124-800x533.jpg\" alt=\"\" width=\"640\" height=\"426\" \/><\/a>Ces envahissantes qui ont un certain charme parfois!<\/span><\/em><br \/>\n<em><span style=\"font-size: small;\"><a href=\"http:\/\/www.bkl974.re\/jardin\/\/wp-content\/uploads\/2012\/12\/IMGP0126.jpg\" target=\"_blank\"><img loading=\"lazy\" decoding=\"async\" class=\"aligncenter size-large wp-image-3436\" title=\"IMGP0126\" src=\"http:\/\/www.bkl974.re\/jardin\/\/wp-content\/uploads\/2012\/12\/IMGP0126-400x600.jpg\" alt=\"\" width=\"400\" height=\"600\" \/><\/a>Ici il se fait tard va falloir fermer boutique<\/span><\/em><br \/>\n<em><span style=\"font-size: small;\"><a href=\"http:\/\/www.bkl974.re\/jardin\/\/wp-content\/uploads\/2012\/12\/IMGP0129.jpg\" target=\"_blank\"><img loading=\"lazy\" decoding=\"async\" class=\"aligncenter size-large wp-image-3437\" title=\"IMGP0129\" src=\"http:\/\/www.bkl974.re\/jardin\/\/wp-content\/uploads\/2012\/12\/IMGP0129-800x532.jpg\" alt=\"\" width=\"640\" height=\"425\" \/><\/a>Qu&rsquo;est ce que je pourrais bien faire ??<\/span><\/em><br \/>\n<em><span style=\"font-size: small;\"><a href=\"http:\/\/www.bkl974.re\/jardin\/\/wp-content\/uploads\/2012\/12\/IMGP0137.jpg\" target=\"_blank\"><img loading=\"lazy\" decoding=\"async\" class=\"aligncenter size-large wp-image-3438\" title=\"IMGP0137\" src=\"http:\/\/www.bkl974.re\/jardin\/\/wp-content\/uploads\/2012\/12\/IMGP0137-800x532.jpg\" alt=\"\" width=\"640\" height=\"425\" \/><\/a>Un Milky blanc pour une fleur blanche:<\/span><\/em><br \/>\n<em><span style=\"font-size: small;\"><a href=\"http:\/\/www.bkl974.re\/jardin\/\/wp-content\/uploads\/2012\/12\/IMGP0140.jpg\" target=\"_blank\"><img loading=\"lazy\" decoding=\"async\" class=\"aligncenter size-large wp-image-3439\" title=\"IMGP0140\" src=\"http:\/\/www.bkl974.re\/jardin\/\/wp-content\/uploads\/2012\/12\/IMGP0140-800x532.jpg\" alt=\"\" width=\"640\" height=\"425\" \/><\/a>De timides\u00a0bougainvilliers\u00a0de ce cot\u00e9, remarque ils ont envoy\u00e9 du lourd il n&rsquo;y a pas longtemps! Je me souviens encore de toutes ces p\u00e9tales \u00e0\u00a0ramasser\u00a0partout, timide c&rsquo;est bien aussi=)<\/span><\/em><br \/>\n<em><span style=\"font-size: small;\"><a href=\"http:\/\/www.bkl974.re\/jardin\/\/wp-content\/uploads\/2012\/12\/IMGP0145.jpg\" target=\"_blank\"><img loading=\"lazy\" decoding=\"async\" class=\"aligncenter size-large wp-image-3440\" title=\"IMGP0145\" src=\"http:\/\/www.bkl974.re\/jardin\/\/wp-content\/uploads\/2012\/12\/IMGP0145-800x532.jpg\" alt=\"\" width=\"640\" height=\"425\" \/><\/a>Hum qu&rsquo;est ce que c&rsquo;est?<\/span><\/em><br \/>\n<em><span style=\"font-size: small;\"><a href=\"http:\/\/www.bkl974.re\/jardin\/\/wp-content\/uploads\/2012\/12\/IMGP0157.jpg\" target=\"_blank\"><img loading=\"lazy\" decoding=\"async\" class=\"aligncenter size-large wp-image-3441\" title=\"IMGP0157\" src=\"http:\/\/www.bkl974.re\/jardin\/\/wp-content\/uploads\/2012\/12\/IMGP0157-800x532.jpg\" alt=\"\" width=\"640\" height=\"425\" \/><\/a>Mais non je ne re-fume pas <\/span><\/em><br \/>\n<em><span style=\"font-size: small;\"><a href=\"http:\/\/www.bkl974.re\/jardin\/\/wp-content\/uploads\/2012\/12\/IMGP0242.jpg\" target=\"_blank\"><img loading=\"lazy\" decoding=\"async\" class=\"aligncenter size-large wp-image-3442\" title=\"IMGP0242\" src=\"http:\/\/www.bkl974.re\/jardin\/\/wp-content\/uploads\/2012\/12\/IMGP0242-800x532.jpg\" alt=\"\" width=\"640\" height=\"425\" \/><\/a>C&rsquo;est juste histoire d&rsquo;\u00e9loigner un peu ces moustiques \u00e0 peine matures qui me sifflent dans les\u00a0oreilles\u00a0\u00e0 d\u00e9faut de me trouer la peau! \u00a0Je me demande si je ne pr\u00e9f\u00e8re pas les\u00a0piq\u00fbres, au moins \u00e7a se passe en silence lol<\/span><\/em><\/p>\n<p><em><span style=\"font-size: small;\">Aujourd&rsquo;hui il a plu l&rsquo;apr\u00e8s midi, donc pas de corv\u00e9e d&rsquo;arrosage &#8230;.<\/span><\/em><br \/>\n<em><span style=\"font-size: small;\"><a href=\"http:\/\/www.bkl974.re\/jardin\/\/wp-content\/uploads\/2012\/12\/IMGP0189.jpg\" target=\"_blank\"><img loading=\"lazy\" decoding=\"async\" class=\"aligncenter size-large wp-image-3443\" title=\"IMGP0189\" src=\"http:\/\/www.bkl974.re\/jardin\/\/wp-content\/uploads\/2012\/12\/IMGP0189-800x532.jpg\" alt=\"\" width=\"640\" height=\"425\" \/><\/a>Quant il pleut on rentre au\u00a0bercail\u00a0(t&rsquo;as fini de faire du bruit avec ton appareil yen a qu\u00e9ss\u00e9 d&rsquo;dormir)<\/span><\/em><br \/>\n<em><span style=\"font-size: small;\"><a href=\"http:\/\/www.bkl974.re\/jardin\/\/wp-content\/uploads\/2012\/12\/IMGP0166.jpg\" target=\"_blank\"><img loading=\"lazy\" decoding=\"async\" class=\"aligncenter size-large wp-image-3444\" title=\"IMGP0166\" src=\"http:\/\/www.bkl974.re\/jardin\/\/wp-content\/uploads\/2012\/12\/IMGP0166-800x532.jpg\" alt=\"\" width=\"640\" height=\"425\" \/><\/a>pfff c&rsquo;est vrai qu&rsquo;il est chiant avec son\u00a0appareil photo!!!M\u00eame Chaly derri\u00e8re pr\u00e9f\u00e8re \u00eatre mouill\u00e9e=)<\/span><\/em><br \/>\n<em><span style=\"font-size: small;\"><a href=\"http:\/\/www.bkl974.re\/jardin\/\/wp-content\/uploads\/2012\/12\/IMGP02401.jpg\" target=\"_blank\"><img loading=\"lazy\" decoding=\"async\" class=\"aligncenter size-large wp-image-3447\" title=\"IMGP0240\" src=\"http:\/\/www.bkl974.re\/jardin\/\/wp-content\/uploads\/2012\/12\/IMGP02401-800x532.jpg\" alt=\"\" width=\"640\" height=\"425\" \/><\/a>Une plante mouill\u00e9e est plus lourde et s&rsquo;affaisse:<\/span><\/em><br \/>\n<em><span style=\"font-size: small;\"><a href=\"http:\/\/www.bkl974.re\/jardin\/\/wp-content\/uploads\/2012\/12\/IMGP0245.jpg\" target=\"_blank\"><img loading=\"lazy\" decoding=\"async\" class=\"aligncenter size-large wp-image-3448\" title=\"IMGP0245\" src=\"http:\/\/www.bkl974.re\/jardin\/\/wp-content\/uploads\/2012\/12\/IMGP0245-800x532.jpg\" alt=\"\" width=\"640\" height=\"425\" \/><\/a><a href=\"http:\/\/www.bkl974.re\/jardin\/\/wp-content\/uploads\/2012\/12\/IMGP0247.jpg\" target=\"_blank\"><img loading=\"lazy\" decoding=\"async\" class=\"aligncenter size-large wp-image-3449\" title=\"IMGP0247\" src=\"http:\/\/www.bkl974.re\/jardin\/\/wp-content\/uploads\/2012\/12\/IMGP0247-800x534.jpg\" alt=\"\" width=\"640\" height=\"427\" \/><\/a>La fin du samedi est la, \u00a0un dernier rayon de soleil pour faire oublier la pluie<\/span><\/em><br \/>\n<em><span style=\"font-size: small;\"><a href=\"http:\/\/www.bkl974.re\/jardin\/\/wp-content\/uploads\/2012\/12\/IMGP0248.jpg\" target=\"_blank\"><img loading=\"lazy\" decoding=\"async\" class=\"aligncenter size-large wp-image-3450\" title=\"IMGP0248\" src=\"http:\/\/www.bkl974.re\/jardin\/\/wp-content\/uploads\/2012\/12\/IMGP0248-800x532.jpg\" alt=\"\" width=\"640\" height=\"425\" \/><\/a>Vite allons profiter des derniers rayons au fond du balcon ou les bougainvilliers se\u00a0r\u00e9arment=)<\/span><\/em><br \/>\n<em><span style=\"font-size: small;\"><a href=\"http:\/\/www.bkl974.re\/jardin\/\/wp-content\/uploads\/2012\/12\/IMGP0271.jpg\" target=\"_blank\"><img loading=\"lazy\" decoding=\"async\" class=\"aligncenter size-large wp-image-3451\" title=\"IMGP0271\" src=\"http:\/\/www.bkl974.re\/jardin\/\/wp-content\/uploads\/2012\/12\/IMGP0271-800x532.jpg\" alt=\"\" width=\"640\" height=\"425\" \/><\/a><a href=\"http:\/\/www.bkl974.re\/jardin\/\/wp-content\/uploads\/2012\/12\/IMGP0277.jpg\" target=\"_blank\"><img loading=\"lazy\" decoding=\"async\" class=\"aligncenter size-large wp-image-3452\" title=\"IMGP0277\" src=\"http:\/\/www.bkl974.re\/jardin\/\/wp-content\/uploads\/2012\/12\/IMGP0277-800x532.jpg\" alt=\"\" width=\"640\" height=\"425\" \/><\/a>aaah! ce ciel de fin de journ\u00e9e d&rsquo;\u00e9t\u00e9 &#8230;.<\/span><\/em><br \/>\n<em><span style=\"font-size: small;\"><a href=\"http:\/\/www.bkl974.re\/jardin\/\/wp-content\/uploads\/2012\/12\/IMGP0313.jpg\" target=\"_blank\"><img loading=\"lazy\" decoding=\"async\" class=\"aligncenter size-large wp-image-3453\" title=\"IMGP0313\" src=\"http:\/\/www.bkl974.re\/jardin\/\/wp-content\/uploads\/2012\/12\/IMGP0313-800x532.jpg\" alt=\"\" width=\"640\" height=\"425\" \/><\/a>Dernier coup d&rsquo;oeil avant extinction g\u00e9n\u00e9rale !\u00a0\u00c7a\u00a0a\u00a0s\u00e9ch\u00e9\u00a0un peu, le volume est revenu tout le monde se sent bien le jardin est beau!<\/span><\/em><br \/>\n<em><span style=\"font-size: small;\"><a href=\"http:\/\/www.bkl974.re\/jardin\/\/wp-content\/uploads\/2012\/12\/IMGP01011.jpg\" target=\"_blank\"><img loading=\"lazy\" decoding=\"async\" class=\"aligncenter size-large wp-image-3454\" title=\"IMGP01011\" src=\"http:\/\/www.bkl974.re\/jardin\/\/wp-content\/uploads\/2012\/12\/IMGP01011-800x533.jpg\" alt=\"\" width=\"640\" height=\"426\" \/><\/a><\/span><\/em><\/p>\n<p style=\"text-align: center;\"><em><span style=\"font-size: small;\"><a href=\"http:\/\/www.bkl974.re\/jardin\/\/wp-content\/uploads\/2012\/12\/IMGP01011.jpg\" target=\"_blank\"><\/a>A plus tard&#8230;. <\/span><\/em><\/p>\n","protected":false},"excerpt":{"rendered":"<p>Comme toutes les fins d&rsquo;ann\u00e9e le boulot\u00a0s\u2019intensifie\u00a0donc pas trop le temps de\u00a0tra\u00eener\u00a0le soir sur le PC &#8230;. Mais rien n&#8217;emp\u00eache de venir poser\u00a0quelques\u00a0photos de la chaleur de l&rsquo;\u00e9t\u00e9 quand j&rsquo;ai un moment! \u00a0Le jardin est bien reparti malgr\u00e9 un\u00a0d\u00e9broussaillage\u00a0un peu trop franc la derni\u00e8re fois=) Il fait chaud et enfin il pleut une ou deux goutte de temps \u00e0 autres. En tous cas le taux d&rsquo;humidit\u00e9 a grimp\u00e9, les plantes sont pour, mais les moustiques sont de retour je suis plut\u00f4t contre m\u00eame si j&rsquo;ai la chance qu&rsquo;ils ne m&rsquo;aiment pas trop =) On y va pour une semaine de photos du jardin \u00e0 diff\u00e9rentes heures, dans diff\u00e9rents \u00e9tats et humeurs=) Le coin lecture improvis\u00e9 de Madame bkl \u00a0elle est trop\u00a0mignonne sous son drap=) Je ne suis pas s\u00fbr mais je crois que cette liane qui a fait son apparition il n&rsquo;y a \u00a0pas longtemps est une vari\u00e9t\u00e9\u00a0d\u2019Ipom\u00e9e &#8230;j&rsquo;attends les&#8230;<\/p>\n<p> <a class=\"continue-reading-link\" href=\"http:\/\/www.bkl974.re\/jardin\/2012\/12\/09\/un-resume-de-quelques-jours\/\"><span>Continuer la lecture<\/span><i class=\"crycon-right-dir\"><\/i><\/a> <\/p>\n","protected":false},"author":1,"featured_media":0,"comment_status":"open","ping_status":"open","sticky":false,"template":"","format":"standard","meta":{"om_disable_all_campaigns":false,"_monsterinsights_skip_tracking":false,"_monsterinsights_sitenote_active":false,"_monsterinsights_sitenote_note":"","_monsterinsights_sitenote_category":0,"_uf_show_specific_survey":0,"_uf_disable_surveys":false,"footnotes":""},"categories":[3],"tags":[18,72,224,391,156,49,208,109,160,98,392],"class_list":["post-3419","post","type-post","status-publish","format-standard","hentry","category-jardin-balcon","tag-balcon","tag-bougainvillier","tag-chat","tag-dobson","tag-ete","tag-ile-de-la-reunion","tag-jardin","tag-lune","tag-moustique","tag-turnera-umifolia","tag-voie-lactee"],"aioseo_notices":[],"_links":{"self":[{"href":"http:\/\/www.bkl974.re\/jardin\/wp-json\/wp\/v2\/posts\/3419","targetHints":{"allow":["GET"]}}],"collection":[{"href":"http:\/\/www.bkl974.re\/jardin\/wp-json\/wp\/v2\/posts"}],"about":[{"href":"http:\/\/www.bkl974.re\/jardin\/wp-json\/wp\/v2\/types\/post"}],"author":[{"embeddable":true,"href":"http:\/\/www.bkl974.re\/jardin\/wp-json\/wp\/v2\/users\/1"}],"replies":[{"embeddable":true,"href":"http:\/\/www.bkl974.re\/jardin\/wp-json\/wp\/v2\/comments?post=3419"}],"version-history":[{"count":10,"href":"http:\/\/www.bkl974.re\/jardin\/wp-json\/wp\/v2\/posts\/3419\/revisions"}],"predecessor-version":[{"id":3458,"href":"http:\/\/www.bkl974.re\/jardin\/wp-json\/wp\/v2\/posts\/3419\/revisions\/3458"}],"wp:attachment":[{"href":"http:\/\/www.bkl974.re\/jardin\/wp-json\/wp\/v2\/media?parent=3419"}],"wp:term":[{"taxonomy":"category","embeddable":true,"href":"http:\/\/www.bkl974.re\/jardin\/wp-json\/wp\/v2\/categories?post=3419"},{"taxonomy":"post_tag","embeddable":true,"href":"http:\/\/www.bkl974.re\/jardin\/wp-json\/wp\/v2\/tags?post=3419"}],"curies":[{"name":"wp","href":"https:\/\/api.w.org\/{rel}","templated":true}]}}