{"id":3482,"date":"2013-01-02T01:13:44","date_gmt":"2013-01-01T21:13:44","guid":{"rendered":"http:\/\/www.bkl974.re\/jardin\/\/?p=3482"},"modified":"2013-02-05T01:37:08","modified_gmt":"2013-02-04T21:37:08","slug":"premier-leve-et-coucher-de-soleil-de-lannee","status":"publish","type":"post","link":"http:\/\/www.bkl974.re\/jardin\/2013\/01\/02\/premier-leve-et-coucher-de-soleil-de-lannee\/","title":{"rendered":"Premier lev\u00e9 et coucher de soleil de l&rsquo;ann\u00e9e"},"content":{"rendered":"<p style=\"text-align: justify;\"><em><span style=\"font-size: small;\">Bonne ann\u00e9e encore,<\/span><\/em><br \/>\n<em><span style=\"font-size: small;\"> Comme je disais hier on \u00e0 un cyclone qui nous tourne autour! Il a son pti nom maintenant Dumile. Comme souvent le nouvel AN on ne dort pas trop.<\/span><\/em><br \/>\n<em><span style=\"font-size: small;\">Ce matin avant 6h j&rsquo;ai sorti l&rsquo;APN pour faire la premi\u00e8re photo de 2013:<\/span><\/em><br \/>\n<em><span style=\"font-size: small;\"><a href=\"http:\/\/www.bkl974.re\/jardin\/\/wp-content\/uploads\/2013\/01\/IMG_0983.jpg\" target=\"_blank\"><img loading=\"lazy\" decoding=\"async\" class=\"aligncenter size-large wp-image-3483\" title=\"IMG_0983\" src=\"http:\/\/www.bkl974.re\/jardin\/\/wp-content\/uploads\/2013\/01\/IMG_0983-800x533.jpg\" alt=\"\" width=\"640\" height=\"426\" \/><\/a>Ce n&rsquo;est pas le genre de ciel qu&rsquo;on d\u00e9couvre tous les matins! Bon remarque je suis rarement debout avant 6h \u00e0 part les 1iers janvier=) <\/span><\/em><br \/>\n<em><span style=\"font-size: small;\">\u00c7a\u00a0sent le cyclone \u00e0 plein nez quand m\u00eame!<\/span><\/em><\/p>\n<p style=\"text-align: justify;\"><em><span style=\"font-size: small;\">Du cot\u00e9 ouest la lune est toujours la:<\/span><\/em><br \/>\n<em><span style=\"font-size: small;\"><a href=\"http:\/\/www.bkl974.re\/jardin\/\/wp-content\/uploads\/2013\/01\/IMG_0988.jpg\" target=\"_blank\"><img loading=\"lazy\" decoding=\"async\" class=\"aligncenter size-large wp-image-3484\" title=\"IMG_0988\" src=\"http:\/\/www.bkl974.re\/jardin\/\/wp-content\/uploads\/2013\/01\/IMG_0988-800x533.jpg\" alt=\"\" width=\"640\" height=\"426\" \/><\/a>Et hop au lit&#8230;..<\/span><\/em><\/p>\n<p style=\"text-align: justify;\"><em><span style=\"font-size: small;\">R\u00e9veil pas si difficile que \u00e7a plus tard dans la journ\u00e9e, (bien plus tard=)<br \/>\nPuis apr\u00e8s une s\u00e9ance d&rsquo;\u00e9lagage, pour ne pas voir les lignes\u00a0t\u00e9l\u00e9phonique\u00a0et \u00e9lectrique coup\u00e9es par un arbre qui tombe, j&rsquo;ai pris mon moyen de locomotion favori et suis parti sur le bord de mer. <\/span><\/em><br \/>\n<em><span style=\"font-size: small;\"><a href=\"http:\/\/www.bkl974.re\/jardin\/\/wp-content\/uploads\/2013\/01\/IMG_1023.jpg\" target=\"_blank\"><img loading=\"lazy\" decoding=\"async\" class=\"aligncenter size-large wp-image-3485\" title=\"IMG_1023\" src=\"http:\/\/www.bkl974.re\/jardin\/\/wp-content\/uploads\/2013\/01\/IMG_1023-800x450.jpg\" alt=\"\" width=\"640\" height=\"360\" \/><\/a>Il ne fait pas beau mais pas encore de pluie, ni de vent<\/span><\/em><br \/>\n<em><span style=\"font-size: small;\"><a href=\"http:\/\/www.bkl974.re\/jardin\/\/wp-content\/uploads\/2013\/01\/IMG_1033.jpg\" target=\"_blank\"><img loading=\"lazy\" decoding=\"async\" class=\"aligncenter size-large wp-image-3486\" title=\"IMG_1033\" src=\"http:\/\/www.bkl974.re\/jardin\/\/wp-content\/uploads\/2013\/01\/IMG_1033-800x450.jpg\" alt=\"\" width=\"640\" height=\"360\" \/><\/a><a href=\"http:\/\/www.bkl974.re\/jardin\/\/wp-content\/uploads\/2013\/01\/IMG_1020.jpg\" target=\"_blank\"><img loading=\"lazy\" decoding=\"async\" class=\"aligncenter size-large wp-image-3487\" title=\"IMG_1020\" src=\"http:\/\/www.bkl974.re\/jardin\/\/wp-content\/uploads\/2013\/01\/IMG_1020-800x450.jpg\" alt=\"\" width=\"640\" height=\"360\" \/><\/a>Cot\u00e9 montagne, pas tr\u00e8s attrayant non plus<\/span><\/em><br \/>\n<em><span style=\"font-size: small;\"><a href=\"http:\/\/www.bkl974.re\/jardin\/\/wp-content\/uploads\/2013\/01\/IMG_1029.jpg\" target=\"_blank\"><img loading=\"lazy\" decoding=\"async\" class=\"aligncenter size-large wp-image-3488\" title=\"IMG_1029\" src=\"http:\/\/www.bkl974.re\/jardin\/\/wp-content\/uploads\/2013\/01\/IMG_1029-800x450.jpg\" alt=\"\" width=\"640\" height=\"360\" \/><\/a>Puis la nuit s&rsquo;approchant j&rsquo;ai chang\u00e9 de point de vu de quelques km.<\/span><\/em><br \/>\n<em><span style=\"font-size: small;\">Je me suis retrouv\u00e9 pas tr\u00e8s loin\u00a0derri\u00e8re\u00a0la Darse du Port.<\/span><\/em><br \/>\n<em><span style=\"font-size: small;\">Un endroit pas du genre a \u00eatre\u00a0touristique, on se trouve \u00e0 l&rsquo;entr\u00e9e du vieux port face \u00e0 la base navale et \u00e0 quelques centaines de m\u00e8tres des f\u00fbts de stockage de fuel . Mais j&rsquo;aime ce coin=)<\/span><\/em><br \/>\n<em><span style=\"font-size: small;\"><a href=\"http:\/\/www.bkl974.re\/jardin\/\/wp-content\/uploads\/2013\/01\/IMG_1041.jpg\" target=\"_blank\"><img loading=\"lazy\" decoding=\"async\" class=\"aligncenter size-large wp-image-3489\" title=\"IMG_1041\" src=\"http:\/\/www.bkl974.re\/jardin\/\/wp-content\/uploads\/2013\/01\/IMG_1041-800x532.jpg\" alt=\"\" width=\"640\" height=\"425\" \/><\/a>cot\u00e9 mer plein Ouest maintenant:<\/span><\/em><br \/>\n<em><span style=\"font-size: small;\"><a href=\"http:\/\/www.bkl974.re\/jardin\/\/wp-content\/uploads\/2013\/01\/IMG_1059.jpg\" target=\"_blank\"><img loading=\"lazy\" decoding=\"async\" class=\"aligncenter size-large wp-image-3490\" title=\"IMG_1059\" src=\"http:\/\/www.bkl974.re\/jardin\/\/wp-content\/uploads\/2013\/01\/IMG_1059-800x450.jpg\" alt=\"\" width=\"640\" height=\"360\" \/><\/a>Le coucher de soleil sp\u00e9cial cyclone<\/span><\/em><br \/>\n<em><span style=\"font-size: small;\"><a href=\"http:\/\/www.bkl974.re\/jardin\/\/wp-content\/uploads\/2013\/01\/IMG_1058.jpg\" target=\"_blank\"><img loading=\"lazy\" decoding=\"async\" class=\"aligncenter size-large wp-image-3492\" title=\"IMG_1058\" src=\"http:\/\/www.bkl974.re\/jardin\/\/wp-content\/uploads\/2013\/01\/IMG_1058-800x532.jpg\" alt=\"\" width=\"640\" height=\"425\" \/><\/a>Plus l&rsquo;heure avan\u00e7ait et plus j&rsquo;\u00e9tais \u00e9merveill\u00e9&#8230;.<\/span><\/em><br \/>\n<em><span style=\"font-size: small;\"><a href=\"http:\/\/www.bkl974.re\/jardin\/\/wp-content\/uploads\/2013\/01\/IMG_1081.jpg\" target=\"_blank\"><img loading=\"lazy\" decoding=\"async\" class=\"aligncenter size-large wp-image-3493\" title=\"IMG_1081\" src=\"http:\/\/www.bkl974.re\/jardin\/\/wp-content\/uploads\/2013\/01\/IMG_1081-800x450.jpg\" alt=\"\" width=\"640\" height=\"360\" \/><\/a>C&rsquo;\u00e9tait vraiment un coucher de soleil magnifique, la photo illustre l&rsquo;atmosph\u00e8re, mais le cul sur les galets, c&rsquo;\u00e9tait quelque chose=) J&rsquo;en ai vu des centaines de couchers de soleil celui la \u00e9tait exceptionnel&#8230;(pour moi en tous cas=)<\/span><\/em><br \/>\n<em><span style=\"font-size: small;\">Bonne Ann\u00e9e 2013 et ..<\/span><\/em><br \/>\n<em><span style=\"font-size: small;\">A plus tard&#8230;.<br \/>\nps: <em>Demain faut que je retire toutes les t\u00f4les du toit sur le balcon &lsquo;( \u00a0et je me pr\u00e9pare \u00e0 remplir la maison de plantes!!<\/em><\/span><\/em><br \/>\n<em><span style=\"font-size: small;\">ps&rsquo;:les cochenilles vont en prendre aussi pour leurs grade je pense=)<\/span><\/em><\/p>\n","protected":false},"excerpt":{"rendered":"<p>Bonne ann\u00e9e encore, Comme je disais hier on \u00e0 un cyclone qui nous tourne autour! Il a son pti nom maintenant Dumile. Comme souvent le nouvel AN on ne dort pas trop. Ce matin avant 6h j&rsquo;ai sorti l&rsquo;APN pour faire la premi\u00e8re photo de 2013: Ce n&rsquo;est pas le genre de ciel qu&rsquo;on d\u00e9couvre tous les matins! Bon remarque je suis rarement debout avant 6h \u00e0 part les 1iers janvier=) \u00c7a\u00a0sent le cyclone \u00e0 plein nez quand m\u00eame! Du cot\u00e9 ouest la lune est toujours la: Et hop au lit&#8230;.. R\u00e9veil pas si difficile que \u00e7a plus tard dans la journ\u00e9e, (bien plus tard=) Puis apr\u00e8s une s\u00e9ance d&rsquo;\u00e9lagage, pour ne pas voir les lignes\u00a0t\u00e9l\u00e9phonique\u00a0et \u00e9lectrique coup\u00e9es par un arbre qui tombe, j&rsquo;ai pris mon moyen de locomotion favori et suis parti sur le bord de mer. Il ne fait pas beau mais pas encore de pluie, ni de&#8230;<\/p>\n<p> <a class=\"continue-reading-link\" href=\"http:\/\/www.bkl974.re\/jardin\/2013\/01\/02\/premier-leve-et-coucher-de-soleil-de-lannee\/\"><span>Continuer la lecture<\/span><i class=\"crycon-right-dir\"><\/i><\/a> <\/p>\n","protected":false},"author":1,"featured_media":0,"comment_status":"open","ping_status":"open","sticky":false,"template":"","format":"standard","meta":{"om_disable_all_campaigns":false,"_monsterinsights_skip_tracking":false,"_monsterinsights_sitenote_active":false,"_monsterinsights_sitenote_note":"","_monsterinsights_sitenote_category":0,"_uf_show_specific_survey":0,"_uf_disable_surveys":false,"footnotes":""},"categories":[56,16,358],"tags":[395,397,127,398,396,49,278],"class_list":["post-3482","post","type-post","status-publish","format-standard","hentry","category-balades","category-divers","category-photo","tag-bonne-annee-2013","tag-coucher-de-soleil","tag-cyclone","tag-darse","tag-dumile","tag-ile-de-la-reunion","tag-port"],"aioseo_notices":[],"_links":{"self":[{"href":"http:\/\/www.bkl974.re\/jardin\/wp-json\/wp\/v2\/posts\/3482","targetHints":{"allow":["GET"]}}],"collection":[{"href":"http:\/\/www.bkl974.re\/jardin\/wp-json\/wp\/v2\/posts"}],"about":[{"href":"http:\/\/www.bkl974.re\/jardin\/wp-json\/wp\/v2\/types\/post"}],"author":[{"embeddable":true,"href":"http:\/\/www.bkl974.re\/jardin\/wp-json\/wp\/v2\/users\/1"}],"replies":[{"embeddable":true,"href":"http:\/\/www.bkl974.re\/jardin\/wp-json\/wp\/v2\/comments?post=3482"}],"version-history":[{"count":6,"href":"http:\/\/www.bkl974.re\/jardin\/wp-json\/wp\/v2\/posts\/3482\/revisions"}],"predecessor-version":[{"id":3580,"href":"http:\/\/www.bkl974.re\/jardin\/wp-json\/wp\/v2\/posts\/3482\/revisions\/3580"}],"wp:attachment":[{"href":"http:\/\/www.bkl974.re\/jardin\/wp-json\/wp\/v2\/media?parent=3482"}],"wp:term":[{"taxonomy":"category","embeddable":true,"href":"http:\/\/www.bkl974.re\/jardin\/wp-json\/wp\/v2\/categories?post=3482"},{"taxonomy":"post_tag","embeddable":true,"href":"http:\/\/www.bkl974.re\/jardin\/wp-json\/wp\/v2\/tags?post=3482"}],"curies":[{"name":"wp","href":"https:\/\/api.w.org\/{rel}","templated":true}]}}