{"id":3498,"date":"2013-01-03T05:30:46","date_gmt":"2013-01-03T01:30:46","guid":{"rendered":"http:\/\/www.bkl974.re\/jardin\/\/?p=3498"},"modified":"2013-01-03T10:23:53","modified_gmt":"2013-01-03T06:23:53","slug":"5h-du-matin-ca-envoie-dehors","status":"publish","type":"post","link":"http:\/\/www.bkl974.re\/jardin\/2013\/01\/03\/5h-du-matin-ca-envoie-dehors\/","title":{"rendered":"5h du matin \u00e7a envoie dehors!"},"content":{"rendered":"<p style=\"text-align: justify;\"><em><span style=\"font-size: small;\">Je n&rsquo;arrive pas trop \u00e0 dormir, notre cyclone Dumile est \u00e0 230km de l&rsquo;\u00eele! \u00c7a souffle,\u00a0 et il pleut pas mal.<\/span><\/em><br \/>\n<em><span style=\"font-size: small;\"> On a comme pr\u00e9vu d\u00e9mont\u00e9 le toit du balcon, les plantes les plus fragiles sont \u00e0 l&rsquo;int\u00e9rieur.<br \/>\n<a href=\"http:\/\/www.bkl974.re\/jardin\/\/wp-content\/uploads\/2013\/01\/IMG_1117.jpg\" target=\"_blank\"><img loading=\"lazy\" decoding=\"async\" class=\"aligncenter size-large wp-image-3501\" title=\"IMG_1117\" src=\"http:\/\/www.bkl974.re\/jardin\/\/wp-content\/uploads\/2013\/01\/IMG_1117-800x600.jpg\" alt=\"\" width=\"640\" height=\"480\" \/><\/a><br \/>\nLes motos bloqu\u00e9es entre les voitures normalement la nuit devrait bien se passer!<\/span><\/em><br \/>\n<em><span style=\"font-size: small;\"> Demain Dumile se renforcera encore et passera au plus pr\u00e8s de nous durant l&rsquo;apr\u00e8s midi , \u00e7a va souffler plus fort encore! Je rentrerais s\u00fbrement d&rsquo;autre plantes.<\/span><\/em><br \/>\n<em><span style=\"font-size: small;\"> Pour le moment je pense aux cochenilles hihihih<\/span><\/em><\/p>\n<p style=\"text-align: justify;\"><em><span style=\"font-size: small;\">Bon je suis pas tout \u00e0 fait tranquille quand m\u00eame, on n&rsquo;a pas eu de vrai cyclone depuis 5 ans! <\/span><\/em><\/p>\n<p style=\"text-align: justify;\"><em><span style=\"font-size: small;\">A demain avec petite vid\u00e9os et photos!<\/span><\/em><br \/>\n<em><span style=\"font-size: small;\"> J&rsquo;\u00e9teins la tablette et je tente un dodo\u2026\u00e7a va \u00eatre dur la&#8230;.<\/span><\/em><br \/>\n<em><span style=\"font-size: small;\"> A plus tard.\u2026<\/span><\/em><\/p>\n","protected":false},"excerpt":{"rendered":"<p>Je n&rsquo;arrive pas trop \u00e0 dormir, notre cyclone Dumile est \u00e0 230km de l&rsquo;\u00eele! \u00c7a souffle,\u00a0 et il pleut pas mal. On a comme pr\u00e9vu d\u00e9mont\u00e9 le toit du balcon, les plantes les plus fragiles sont \u00e0 l&rsquo;int\u00e9rieur. Les motos bloqu\u00e9es entre les voitures normalement la nuit devrait bien se passer! Demain Dumile se renforcera encore et passera au plus pr\u00e8s de nous durant l&rsquo;apr\u00e8s midi , \u00e7a va souffler plus fort encore! Je rentrerais s\u00fbrement d&rsquo;autre plantes. Pour le moment je pense aux cochenilles hihihih Bon je suis pas tout \u00e0 fait tranquille quand m\u00eame, on n&rsquo;a pas eu de vrai cyclone depuis 5 ans! A demain avec petite vid\u00e9os et photos! J&rsquo;\u00e9teins la tablette et je tente un dodo\u2026\u00e7a va \u00eatre dur la&#8230;. A plus tard.\u2026<\/p>\n<p> <a class=\"continue-reading-link\" href=\"http:\/\/www.bkl974.re\/jardin\/2013\/01\/03\/5h-du-matin-ca-envoie-dehors\/\"><span>Continuer la lecture<\/span><i class=\"crycon-right-dir\"><\/i><\/a> <\/p>\n","protected":false},"author":1,"featured_media":0,"comment_status":"open","ping_status":"open","sticky":false,"template":"","format":"standard","meta":{"om_disable_all_campaigns":false,"_monsterinsights_skip_tracking":false,"_monsterinsights_sitenote_active":false,"_monsterinsights_sitenote_note":"","_monsterinsights_sitenote_category":0,"_uf_show_specific_survey":0,"_uf_disable_surveys":false,"footnotes":""},"categories":[16],"tags":[127,396,49],"class_list":["post-3498","post","type-post","status-publish","format-standard","hentry","category-divers","tag-cyclone","tag-dumile","tag-ile-de-la-reunion"],"aioseo_notices":[],"_links":{"self":[{"href":"http:\/\/www.bkl974.re\/jardin\/wp-json\/wp\/v2\/posts\/3498","targetHints":{"allow":["GET"]}}],"collection":[{"href":"http:\/\/www.bkl974.re\/jardin\/wp-json\/wp\/v2\/posts"}],"about":[{"href":"http:\/\/www.bkl974.re\/jardin\/wp-json\/wp\/v2\/types\/post"}],"author":[{"embeddable":true,"href":"http:\/\/www.bkl974.re\/jardin\/wp-json\/wp\/v2\/users\/1"}],"replies":[{"embeddable":true,"href":"http:\/\/www.bkl974.re\/jardin\/wp-json\/wp\/v2\/comments?post=3498"}],"version-history":[{"count":3,"href":"http:\/\/www.bkl974.re\/jardin\/wp-json\/wp\/v2\/posts\/3498\/revisions"}],"predecessor-version":[{"id":3502,"href":"http:\/\/www.bkl974.re\/jardin\/wp-json\/wp\/v2\/posts\/3498\/revisions\/3502"}],"wp:attachment":[{"href":"http:\/\/www.bkl974.re\/jardin\/wp-json\/wp\/v2\/media?parent=3498"}],"wp:term":[{"taxonomy":"category","embeddable":true,"href":"http:\/\/www.bkl974.re\/jardin\/wp-json\/wp\/v2\/categories?post=3498"},{"taxonomy":"post_tag","embeddable":true,"href":"http:\/\/www.bkl974.re\/jardin\/wp-json\/wp\/v2\/tags?post=3498"}],"curies":[{"name":"wp","href":"https:\/\/api.w.org\/{rel}","templated":true}]}}