{"id":3633,"date":"2013-05-16T16:58:05","date_gmt":"2013-05-16T12:58:05","guid":{"rendered":"http:\/\/www.bkl974.re\/jardin\/\/?p=3633"},"modified":"2013-06-07T11:33:18","modified_gmt":"2013-06-07T07:33:18","slug":"un-air-de-la-reunion-lontan","status":"publish","type":"post","link":"http:\/\/www.bkl974.re\/jardin\/2013\/05\/16\/un-air-de-la-reunion-lontan\/","title":{"rendered":"Un air de la R\u00e9union lontan"},"content":{"rendered":"<p style=\"text-align: justify;\"><em><span style=\"font-size: small;\">C&rsquo;est un endroit ou je vais r\u00e9guli\u00e8rement j&rsquo;en ai d\u00e9j\u00e0 parl\u00e9 plusieurs fois (le quartier de l&rsquo;\u00e9tang) et mis plusieurs images ainsi qu&rsquo;une vid\u00e9o par exemple ici il y a 3 ans\u00a0<a href=\"http:\/\/www.bkl974.re\/jardin\/\/?p=58\">http:\/\/www.bkl974.re\/jardin\/\/?p=58<\/a><\/span><\/em><br \/>\n<em><span style=\"font-size: small;\"> La semaine derni\u00e8re j&rsquo;y suis pass\u00e9 et cette fois sous un temps magnifique de d\u00e9but d&rsquo;hiver avec un soleil couchant!<\/span><\/em><br \/>\n<em><span style=\"font-size: small;\"> Plus je vieilli et plus ce quartier me rappelle une \u00eele de la R\u00e9union qui \u00e0 mesure du temps\u00a0dispara\u00eet. Il y a encore la bas cette atmosph\u00e8re un peu sp\u00e9ciale que l&rsquo;on retrouve de moins en moins ailleurs! Raison pour laquelle d\u00e9s que j&rsquo;ai l&rsquo;occasion je vais y faire une halte=)<\/span><\/em><br \/>\n<em><span style=\"font-size: small;\"> Au dessus de l&rsquo;eau j&rsquo;ai d\u00e9j\u00e0 fait peins de photos, j&rsquo;innove =) J&rsquo;en ai une des petits habitant de ces mar\u00e9cages (difficile \u00e0 saisir)!<\/span><\/em><br \/>\n<em><span style=\"font-size: small;\"> Des petits guppys et platy et m\u00eame quelques gouramis qui ceux sont adapt\u00e9s! L&rsquo;eau venant des montagne et diverses sources, elle est plut\u00f4t propre, tous ce petit monde ce sent bien je crois=)<\/span><\/em><br \/>\n<em><span style=\"font-size: small;\"> <a href=\"http:\/\/www.bkl974.re\/jardin\/\/wp-content\/uploads\/2013\/05\/IMG_2326.jpg\"><img loading=\"lazy\" decoding=\"async\" class=\"aligncenter size-large wp-image-3634\" title=\"IMG_2326\" src=\"http:\/\/www.bkl974.re\/jardin\/\/wp-content\/uploads\/2013\/05\/IMG_2326-800x532.jpg\" alt=\"\" width=\"640\" height=\"425\" \/><\/a>J&rsquo;\u00e9tais accompagn\u00e9 du d\u00e9sormais c\u00e9l\u00e8bre \u00a0Tiboeuf , nos motos avec superbe arri\u00e8re plan:<a href=\"http:\/\/www.bkl974.re\/jardin\/\/wp-content\/uploads\/2013\/05\/IMG_2324.jpg\" target=\"_blank\"><img loading=\"lazy\" decoding=\"async\" class=\"aligncenter size-large wp-image-3635\" title=\"IMG_2324\" src=\"http:\/\/www.bkl974.re\/jardin\/\/wp-content\/uploads\/2013\/05\/IMG_2324-800x600.jpg\" alt=\"\" width=\"640\" height=\"480\" \/><\/a> La vid\u00e9o de la travers\u00e9e avec de tr\u00e8s belles couleurs:<\/span><\/em><\/p>\n<p style=\"text-align: justify;\"><em><span style=\"font-size: small;\"><object width=\"640\" height=\"360\"><param name=\"movie\" value=\"http:\/\/www.youtube.com\/v\/hv_NBnyBGSc?hl=fr_FR&amp;version=3&amp;rel=0\" \/><param name=\"allowFullScreen\" value=\"true\" \/><param name=\"allowscriptaccess\" value=\"always\" \/><embed type=\"application\/x-shockwave-flash\" width=\"640\" height=\"360\" src=\"http:\/\/www.youtube.com\/v\/hv_NBnyBGSc?hl=fr_FR&amp;version=3&amp;rel=0\" allowfullscreen=\"true\" allowscriptaccess=\"always\"><\/embed><\/object><\/span><\/em><\/p>\n<p style=\"text-align: justify;\"><em><span style=\"font-size: small;\">Toujours plaisant de passer par la vraiment!<\/span><\/em><\/p>\n<p style=\"text-align: justify;\"><em><span style=\"font-size: small;\">Comme je n&rsquo;en ai pas parl\u00e9 depuis un moment voici l&rsquo;\u00e9tat du Balcon toujours fid\u00e8le \u00e0 lui m\u00eame =) Il reprend vie en plus avec les temp\u00e8ratures d&rsquo;hiver qui font leur apparition (enfin)<\/span><\/em><br \/>\n<em><span style=\"font-size: small;\"><a href=\"http:\/\/www.bkl974.re\/jardin\/\/wp-content\/uploads\/2013\/05\/IMG_2334.jpg\" target=\"_blank\"><img loading=\"lazy\" decoding=\"async\" class=\"aligncenter size-large wp-image-3636\" title=\"IMG_2334\" src=\"http:\/\/www.bkl974.re\/jardin\/\/wp-content\/uploads\/2013\/05\/IMG_2334-800x450.jpg\" alt=\"\" width=\"640\" height=\"360\" \/><\/a>Je commence d\u00e9j\u00e0 \u00e0 pr\u00e9parer la rel\u00e8ve pour l&rsquo;ann\u00e9e prochaine:<\/span><\/em><br \/>\n<em><span style=\"font-size: small;\"><a href=\"http:\/\/www.bkl974.re\/jardin\/\/wp-content\/uploads\/2013\/05\/IMG_2345.jpg\" target=\"_blank\"><img loading=\"lazy\" decoding=\"async\" class=\"aligncenter size-large wp-image-3637\" title=\"IMG_2345\" src=\"http:\/\/www.bkl974.re\/jardin\/\/wp-content\/uploads\/2013\/05\/IMG_2345-800x450.jpg\" alt=\"\" width=\"640\" height=\"360\" \/><\/a> A plus tard&#8230;.<\/span><\/em><\/p>\n","protected":false},"excerpt":{"rendered":"<p>C&rsquo;est un endroit ou je vais r\u00e9guli\u00e8rement j&rsquo;en ai d\u00e9j\u00e0 parl\u00e9 plusieurs fois (le quartier de l&rsquo;\u00e9tang) et mis plusieurs images ainsi qu&rsquo;une vid\u00e9o par exemple ici il y a 3 ans\u00a0http:\/\/www.bkl974.re\/jardin\/\/?p=58 La semaine derni\u00e8re j&rsquo;y suis pass\u00e9 et cette fois sous un temps magnifique de d\u00e9but d&rsquo;hiver avec un soleil couchant! Plus je vieilli et plus ce quartier me rappelle une \u00eele de la R\u00e9union qui \u00e0 mesure du temps\u00a0dispara\u00eet. Il y a encore la bas cette atmosph\u00e8re un peu sp\u00e9ciale que l&rsquo;on retrouve de moins en moins ailleurs! Raison pour laquelle d\u00e9s que j&rsquo;ai l&rsquo;occasion je vais y faire une halte=) Au dessus de l&rsquo;eau j&rsquo;ai d\u00e9j\u00e0 fait peins de photos, j&rsquo;innove =) J&rsquo;en ai une des petits habitant de ces mar\u00e9cages (difficile \u00e0 saisir)! Des petits guppys et platy et m\u00eame quelques gouramis qui ceux sont adapt\u00e9s! L&rsquo;eau venant des montagne et diverses sources, elle est plut\u00f4t&#8230;<\/p>\n<p> <a class=\"continue-reading-link\" href=\"http:\/\/www.bkl974.re\/jardin\/2013\/05\/16\/un-air-de-la-reunion-lontan\/\"><span>Continuer la lecture<\/span><i class=\"crycon-right-dir\"><\/i><\/a> <\/p>\n","protected":false},"author":1,"featured_media":0,"comment_status":"open","ping_status":"open","sticky":false,"template":"","format":"standard","meta":{"om_disable_all_campaigns":false,"_monsterinsights_skip_tracking":false,"_monsterinsights_sitenote_active":false,"_monsterinsights_sitenote_note":"","_monsterinsights_sitenote_category":0,"_uf_show_specific_survey":0,"_uf_disable_surveys":false,"footnotes":""},"categories":[56,3,7,12],"tags":[18,52,49,208,380,426],"class_list":["post-3633","post","type-post","status-publish","format-standard","hentry","category-balades","category-jardin-balcon","category-moto","category-poissons","tag-balcon","tag-etang","tag-ile-de-la-reunion","tag-jardin","tag-marecage","tag-st-paul"],"aioseo_notices":[],"_links":{"self":[{"href":"http:\/\/www.bkl974.re\/jardin\/wp-json\/wp\/v2\/posts\/3633","targetHints":{"allow":["GET"]}}],"collection":[{"href":"http:\/\/www.bkl974.re\/jardin\/wp-json\/wp\/v2\/posts"}],"about":[{"href":"http:\/\/www.bkl974.re\/jardin\/wp-json\/wp\/v2\/types\/post"}],"author":[{"embeddable":true,"href":"http:\/\/www.bkl974.re\/jardin\/wp-json\/wp\/v2\/users\/1"}],"replies":[{"embeddable":true,"href":"http:\/\/www.bkl974.re\/jardin\/wp-json\/wp\/v2\/comments?post=3633"}],"version-history":[{"count":3,"href":"http:\/\/www.bkl974.re\/jardin\/wp-json\/wp\/v2\/posts\/3633\/revisions"}],"predecessor-version":[{"id":3644,"href":"http:\/\/www.bkl974.re\/jardin\/wp-json\/wp\/v2\/posts\/3633\/revisions\/3644"}],"wp:attachment":[{"href":"http:\/\/www.bkl974.re\/jardin\/wp-json\/wp\/v2\/media?parent=3633"}],"wp:term":[{"taxonomy":"category","embeddable":true,"href":"http:\/\/www.bkl974.re\/jardin\/wp-json\/wp\/v2\/categories?post=3633"},{"taxonomy":"post_tag","embeddable":true,"href":"http:\/\/www.bkl974.re\/jardin\/wp-json\/wp\/v2\/tags?post=3633"}],"curies":[{"name":"wp","href":"https:\/\/api.w.org\/{rel}","templated":true}]}}