{"id":4156,"date":"2021-03-07T01:17:28","date_gmt":"2021-03-06T21:17:28","guid":{"rendered":"http:\/\/www.bkl974.re\/jardin\/?p=4156"},"modified":"2021-03-07T01:31:55","modified_gmt":"2021-03-06T21:31:55","slug":"au-coeur-de-la-tempete","status":"publish","type":"post","link":"http:\/\/www.bkl974.re\/jardin\/2021\/03\/07\/au-coeur-de-la-tempete\/","title":{"rendered":"Au c\u0153ur de la temp\u00eate"},"content":{"rendered":"\n<p>Ca me manquait d&rsquo;\u00e9crire avec la pluie, le vent et le tonnerre dehors!&nbsp;<br>Enfin \u00e7a me manquait on se comprend les cyclones et temp\u00eates tropicale c&rsquo;est toujours pas ce que je pr\u00e9f\u00e8re!<br>Une situation satellite en direct=)&nbsp;&nbsp;<\/p>\n\n\n\n<figure class=\"wp-block-image size-large\"><img loading=\"lazy\" decoding=\"async\" width=\"456\" height=\"274\" src=\"http:\/\/www.bkl974.re\/jardin\/wp-content\/uploads\/2021\/03\/tempete-07.03.2021.jpg\" alt=\"\" class=\"wp-image-4158\" srcset=\"http:\/\/www.bkl974.re\/jardin\/wp-content\/uploads\/2021\/03\/tempete-07.03.2021.jpg 456w, http:\/\/www.bkl974.re\/jardin\/wp-content\/uploads\/2021\/03\/tempete-07.03.2021-150x90.jpg 150w\" sizes=\"auto, (max-width: 456px) 100vw, 456px\" \/><\/figure>\n\n\n\n<p>On est en plein dedans en gros.<br>C&rsquo;est une temp\u00eate pas un cyclone mais \u00e7a envoie pas mal quand m\u00eame!<br>On est en alerte cyclonique avec un couvre feu en option lol on est pas pr\u00e8s de sortir&#8230;<br>Je viens pourtant de me faire rincer en pleine nuit gros bruit dehors pff c&rsquo;\u00e9tait en fait un escabeau qui s&rsquo;est envol\u00e9 (je n&rsquo;ai pas pens\u00e9 \u00e0 tout =)&nbsp;&nbsp;<br>Dans ces moments je me rappelle surtout l&rsquo;aventure que c&rsquo;\u00e9tait sur le balcon \u00e0 l&rsquo;\u00e9poque! La il aurait fallu rentrer tous les pots d\u00e9monter le toit etc! Toute une histoire =)<br>Avant j&rsquo;avais peur pour mes plantes aujourd&rsquo;hui j&rsquo;ai peur pour mes arbres! \ud83d\ude15&nbsp; Les plantes vont en prendre un coup mais en pleine terre elles reprennent vite du poil de la b\u00eate!&nbsp;<br>Il y a quelques ann\u00e9es fakir avait bien cass\u00e9 mes arbres dont mon plus gros pied de goyave qui avait perdu sa moiti\u00e9 il a mis un moment \u00e0 s&rsquo;en remettre c&rsquo;est redevenu un beau morceau celui de droite<\/p>\n\n\n\n<figure class=\"wp-block-image size-large\"><a href=\"http:\/\/www.bkl974.re\/jardin\/wp-content\/uploads\/2021\/03\/IMG_20210210_175114.jpg\" target=\"_blank\" rel=\"noopener\"><img loading=\"lazy\" decoding=\"async\" width=\"800\" height=\"600\" src=\"http:\/\/www.bkl974.re\/jardin\/wp-content\/uploads\/2021\/03\/IMG_20210210_175114-800x600.jpg\" alt=\"\" class=\"wp-image-4161\" srcset=\"http:\/\/www.bkl974.re\/jardin\/wp-content\/uploads\/2021\/03\/IMG_20210210_175114-800x600.jpg 800w, http:\/\/www.bkl974.re\/jardin\/wp-content\/uploads\/2021\/03\/IMG_20210210_175114-600x450.jpg 600w, http:\/\/www.bkl974.re\/jardin\/wp-content\/uploads\/2021\/03\/IMG_20210210_175114-400x300.jpg 400w, http:\/\/www.bkl974.re\/jardin\/wp-content\/uploads\/2021\/03\/IMG_20210210_175114-768x576.jpg 768w, http:\/\/www.bkl974.re\/jardin\/wp-content\/uploads\/2021\/03\/IMG_20210210_175114-150x113.jpg 150w, http:\/\/www.bkl974.re\/jardin\/wp-content\/uploads\/2021\/03\/IMG_20210210_175114.jpg 1200w\" sizes=\"auto, (max-width: 800px) 100vw, 800px\" \/><\/a><\/figure>\n\n\n\n<p>J&rsquo;esp\u00e8re que \u00e7a ira cette nuit \ud83d\ude10 quand je pense aussi \u00e0 tous mes bananiers avec leurs r\u00e9gimes presque pr\u00eats pff tout \u00e7a par terre demain \ud83d\ude41\u00a0<br \/>C&rsquo;est comme \u00e7a&#8230; Allez en souhaitant que \u00e7a passe vite, la temp\u00eate file \u00e0 33km\/h ce devrait \u00eatre le cas\u00a0<\/p>\n<p>Ce qui est certain c&rsquo;est que je suis heureux de retrouver mon petit blog depuis quelques temps! Les ann\u00e9es qui viennent de pass\u00e9es ont surtout \u00e9t\u00e9 consacr\u00e9es \u00e0 la r\u00e9novation, au bricolages de toutes sortes et au travail du bois. J&rsquo;essaye tant bien que mal de rattraper mon retard sur mon autre site <a href=\"http:\/\/unemaisonsuruneile.re\/\" target=\"_blank\" rel=\"noopener\">une maison sur une \u00eele<\/a> pas simple \ud83d\ude44 j&rsquo;ai 3 ou 4 ans de retard pareil qu&rsquo;ici mais rien ne sert de courir \ud83d\ude06\u00a0<br \/>De toute fa\u00e7on les blogs ne sont plus \u00e0 la mode la plupart de ce que je suivais ont disparu ! Mais bon j&rsquo;aime bien mes sites malgr\u00e9 tout! Ca permet de garder une trace, j&rsquo;ai beaucoup relu jardin (balcon) ces derniers semaines \u00e7a me ravive les souvenirs et me touche tout simplement! Alors je continu pour demain=) Mais il y a encore du boulot pour mettre tout \u00e7a\u00a0 \u00e0 jour \ud83d\ude2f\u00a0<\/p>\n<p>A plus tard&#8230;.<\/p>\n","protected":false},"excerpt":{"rendered":"<p>Ca me manquait d&rsquo;\u00e9crire avec la pluie, le vent et le tonnerre dehors!&nbsp;Enfin \u00e7a me manquait on se comprend les cyclones et temp\u00eates tropicale c&rsquo;est toujours pas ce que je pr\u00e9f\u00e8re!Une situation satellite en direct=)&nbsp;&nbsp; On est en plein dedans en gros.C&rsquo;est une temp\u00eate pas un cyclone mais \u00e7a envoie pas mal quand m\u00eame!On est en alerte cyclonique avec un couvre feu en option lol on est pas pr\u00e8s de sortir&#8230;Je viens pourtant de me faire rincer en pleine nuit gros bruit dehors pff c&rsquo;\u00e9tait en fait un escabeau qui s&rsquo;est envol\u00e9 (je n&rsquo;ai pas pens\u00e9 \u00e0 tout =)&nbsp;&nbsp;Dans ces moments je me rappelle surtout l&rsquo;aventure que c&rsquo;\u00e9tait sur le balcon \u00e0 l&rsquo;\u00e9poque! La il aurait fallu rentrer tous les pots d\u00e9monter le toit etc! Toute une histoire =)Avant j&rsquo;avais peur pour mes plantes aujourd&rsquo;hui j&rsquo;ai peur pour mes arbres! \ud83d\ude15&nbsp; Les plantes vont en prendre un coup mais en&#8230;<\/p>\n<p> <a class=\"continue-reading-link\" href=\"http:\/\/www.bkl974.re\/jardin\/2021\/03\/07\/au-coeur-de-la-tempete\/\"><span>Continuer la lecture<\/span><i class=\"crycon-right-dir\"><\/i><\/a> <\/p>\n","protected":false},"author":1,"featured_media":0,"comment_status":"open","ping_status":"open","sticky":false,"template":"","format":"standard","meta":{"om_disable_all_campaigns":false,"_monsterinsights_skip_tracking":false,"_monsterinsights_sitenote_active":false,"_monsterinsights_sitenote_note":"","_monsterinsights_sitenote_category":0,"_uf_show_specific_survey":0,"_uf_disable_surveys":false,"footnotes":""},"categories":[492,464],"tags":[493,489,435],"class_list":["post-4156","post","type-post","status-publish","format-standard","hentry","category-humeur","category-jardin-terrain","tag-goyave","tag-ile-de-la-reunion-2","tag-tempete"],"aioseo_notices":[],"_links":{"self":[{"href":"http:\/\/www.bkl974.re\/jardin\/wp-json\/wp\/v2\/posts\/4156","targetHints":{"allow":["GET"]}}],"collection":[{"href":"http:\/\/www.bkl974.re\/jardin\/wp-json\/wp\/v2\/posts"}],"about":[{"href":"http:\/\/www.bkl974.re\/jardin\/wp-json\/wp\/v2\/types\/post"}],"author":[{"embeddable":true,"href":"http:\/\/www.bkl974.re\/jardin\/wp-json\/wp\/v2\/users\/1"}],"replies":[{"embeddable":true,"href":"http:\/\/www.bkl974.re\/jardin\/wp-json\/wp\/v2\/comments?post=4156"}],"version-history":[{"count":5,"href":"http:\/\/www.bkl974.re\/jardin\/wp-json\/wp\/v2\/posts\/4156\/revisions"}],"predecessor-version":[{"id":4165,"href":"http:\/\/www.bkl974.re\/jardin\/wp-json\/wp\/v2\/posts\/4156\/revisions\/4165"}],"wp:attachment":[{"href":"http:\/\/www.bkl974.re\/jardin\/wp-json\/wp\/v2\/media?parent=4156"}],"wp:term":[{"taxonomy":"category","embeddable":true,"href":"http:\/\/www.bkl974.re\/jardin\/wp-json\/wp\/v2\/categories?post=4156"},{"taxonomy":"post_tag","embeddable":true,"href":"http:\/\/www.bkl974.re\/jardin\/wp-json\/wp\/v2\/tags?post=4156"}],"curies":[{"name":"wp","href":"https:\/\/api.w.org\/{rel}","templated":true}]}}