{"id":4402,"date":"2022-12-04T16:31:13","date_gmt":"2022-12-04T12:31:13","guid":{"rendered":"http:\/\/www.bkl974.re\/jardin\/?p=4402"},"modified":"2022-12-04T19:15:05","modified_gmt":"2022-12-04T15:15:05","slug":"les-poules","status":"publish","type":"post","link":"http:\/\/www.bkl974.re\/jardin\/2022\/12\/04\/les-poules\/","title":{"rendered":"Les poules"},"content":{"rendered":"\n<p>Je vais parler un peu de mes poules=)<br \/>Quand je suis revenu m&rsquo;installer dans ma maison d&rsquo;enfance mise \u00e0 part rafraichir la barraque je voulais avoir des poules! J&rsquo;en ai toujours plus ou moins eu jusqu&rsquo;\u00e0 ce que je quitte l&rsquo;\u00eele.<br \/>J&rsquo;ai d&rsquo;abord fait une <a href=\"http:\/\/unemaisonsuruneile.re\/?p=859\" target=\"_blank\" rel=\"noopener\">couveuse dont je parle ici<\/a> \u00a0qui raconte aussi un peu mon histoire avec la volaille=)<br \/>Fin 2016 je me retrouve donc avec une 20aine de poules sorties d&rsquo;\u0153ufs venant de mon meilleur ami.<br \/>La elles ont quelques heures et sont sous lampe dans une \u00e9leveuse que j&rsquo;ai aussi fabriqu\u00e9, en premier plan Mickael et R\u00e9becca:<br \/><a href=\"http:\/\/www.bkl974.re\/jardin\/wp-content\/uploads\/2022\/12\/IMG_8195.jpg\"><img loading=\"lazy\" decoding=\"async\" class=\"alignnone size-large wp-image-4403\" src=\"http:\/\/www.bkl974.re\/jardin\/wp-content\/uploads\/2022\/12\/IMG_8195-800x600.jpg\" alt=\"\" width=\"800\" height=\"600\" srcset=\"http:\/\/www.bkl974.re\/jardin\/wp-content\/uploads\/2022\/12\/IMG_8195-800x600.jpg 800w, http:\/\/www.bkl974.re\/jardin\/wp-content\/uploads\/2022\/12\/IMG_8195-600x450.jpg 600w, http:\/\/www.bkl974.re\/jardin\/wp-content\/uploads\/2022\/12\/IMG_8195-400x300.jpg 400w, http:\/\/www.bkl974.re\/jardin\/wp-content\/uploads\/2022\/12\/IMG_8195-768x576.jpg 768w, http:\/\/www.bkl974.re\/jardin\/wp-content\/uploads\/2022\/12\/IMG_8195-150x113.jpg 150w, http:\/\/www.bkl974.re\/jardin\/wp-content\/uploads\/2022\/12\/IMG_8195.jpg 1200w\" sizes=\"auto, (max-width: 800px) 100vw, 800px\" \/><\/a><\/p>\n<p><a href=\"http:\/\/www.bkl974.re\/jardin\/wp-content\/uploads\/2022\/12\/IMG_8204.jpg\"><img loading=\"lazy\" decoding=\"async\" class=\"alignnone size-large wp-image-4404\" src=\"http:\/\/www.bkl974.re\/jardin\/wp-content\/uploads\/2022\/12\/IMG_8204-800x500.jpg\" alt=\"\" width=\"800\" height=\"500\" srcset=\"http:\/\/www.bkl974.re\/jardin\/wp-content\/uploads\/2022\/12\/IMG_8204-800x500.jpg 800w, http:\/\/www.bkl974.re\/jardin\/wp-content\/uploads\/2022\/12\/IMG_8204-600x375.jpg 600w, http:\/\/www.bkl974.re\/jardin\/wp-content\/uploads\/2022\/12\/IMG_8204-768x480.jpg 768w, http:\/\/www.bkl974.re\/jardin\/wp-content\/uploads\/2022\/12\/IMG_8204-150x94.jpg 150w, http:\/\/www.bkl974.re\/jardin\/wp-content\/uploads\/2022\/12\/IMG_8204.jpg 1200w\" sizes=\"auto, (max-width: 800px) 100vw, 800px\" \/><\/a><\/p>\n<p>Un peu plus d&rsquo;un an plus tard ce petit monde a pouss\u00e9<br \/><a href=\"http:\/\/www.bkl974.re\/jardin\/wp-content\/uploads\/2022\/12\/IMG_20180213_154829.jpg\"><img loading=\"lazy\" decoding=\"async\" class=\"alignnone size-large wp-image-4405\" src=\"http:\/\/www.bkl974.re\/jardin\/wp-content\/uploads\/2022\/12\/IMG_20180213_154829-800x600.jpg\" alt=\"\" width=\"800\" height=\"600\" srcset=\"http:\/\/www.bkl974.re\/jardin\/wp-content\/uploads\/2022\/12\/IMG_20180213_154829-800x600.jpg 800w, http:\/\/www.bkl974.re\/jardin\/wp-content\/uploads\/2022\/12\/IMG_20180213_154829-600x450.jpg 600w, http:\/\/www.bkl974.re\/jardin\/wp-content\/uploads\/2022\/12\/IMG_20180213_154829-400x300.jpg 400w, http:\/\/www.bkl974.re\/jardin\/wp-content\/uploads\/2022\/12\/IMG_20180213_154829-768x576.jpg 768w, http:\/\/www.bkl974.re\/jardin\/wp-content\/uploads\/2022\/12\/IMG_20180213_154829-150x113.jpg 150w, http:\/\/www.bkl974.re\/jardin\/wp-content\/uploads\/2022\/12\/IMG_20180213_154829.jpg 1200w\" sizes=\"auto, (max-width: 800px) 100vw, 800px\" \/><\/a><\/p>\n<p><a href=\"http:\/\/www.bkl974.re\/jardin\/wp-content\/uploads\/2022\/12\/IMG_20180403_154801.jpg\"><img loading=\"lazy\" decoding=\"async\" class=\"alignnone size-large wp-image-4406\" src=\"http:\/\/www.bkl974.re\/jardin\/wp-content\/uploads\/2022\/12\/IMG_20180403_154801-800x600.jpg\" alt=\"\" width=\"800\" height=\"600\" srcset=\"http:\/\/www.bkl974.re\/jardin\/wp-content\/uploads\/2022\/12\/IMG_20180403_154801-800x600.jpg 800w, http:\/\/www.bkl974.re\/jardin\/wp-content\/uploads\/2022\/12\/IMG_20180403_154801-600x450.jpg 600w, http:\/\/www.bkl974.re\/jardin\/wp-content\/uploads\/2022\/12\/IMG_20180403_154801-400x300.jpg 400w, http:\/\/www.bkl974.re\/jardin\/wp-content\/uploads\/2022\/12\/IMG_20180403_154801-768x576.jpg 768w, http:\/\/www.bkl974.re\/jardin\/wp-content\/uploads\/2022\/12\/IMG_20180403_154801-150x113.jpg 150w, http:\/\/www.bkl974.re\/jardin\/wp-content\/uploads\/2022\/12\/IMG_20180403_154801.jpg 1200w\" sizes=\"auto, (max-width: 800px) 100vw, 800px\" \/><\/a><\/p>\n<p>La c&rsquo;\u00e9tait des poules p\u00e9\u00ef (pays) comme on dit ici en gros, un m\u00e9lange de toutes sortes de races passant de l&rsquo;Indon\u00e9sie jusqu&rsquo;\u00e0 l&rsquo;Europe un peu comme les cr\u00e9oles=)<br \/>J&rsquo;ai aussi eu des brahmas ces grosses bestioles adorables<br \/><a href=\"http:\/\/www.bkl974.re\/jardin\/wp-content\/uploads\/2022\/12\/IMG_20180130_141002.jpg\"><img loading=\"lazy\" decoding=\"async\" class=\"alignnone size-large wp-image-4407\" src=\"http:\/\/www.bkl974.re\/jardin\/wp-content\/uploads\/2022\/12\/IMG_20180130_141002-800x600.jpg\" alt=\"\" width=\"800\" height=\"600\" srcset=\"http:\/\/www.bkl974.re\/jardin\/wp-content\/uploads\/2022\/12\/IMG_20180130_141002-800x600.jpg 800w, http:\/\/www.bkl974.re\/jardin\/wp-content\/uploads\/2022\/12\/IMG_20180130_141002-600x450.jpg 600w, http:\/\/www.bkl974.re\/jardin\/wp-content\/uploads\/2022\/12\/IMG_20180130_141002-400x300.jpg 400w, http:\/\/www.bkl974.re\/jardin\/wp-content\/uploads\/2022\/12\/IMG_20180130_141002-768x576.jpg 768w, http:\/\/www.bkl974.re\/jardin\/wp-content\/uploads\/2022\/12\/IMG_20180130_141002-150x113.jpg 150w, http:\/\/www.bkl974.re\/jardin\/wp-content\/uploads\/2022\/12\/IMG_20180130_141002.jpg 1200w\" sizes=\"auto, (max-width: 800px) 100vw, 800px\" \/><\/a><br \/><br \/><\/p>\n<p><a href=\"http:\/\/www.bkl974.re\/jardin\/wp-content\/uploads\/2022\/12\/IMG_20180530_113915.jpg\"><img loading=\"lazy\" decoding=\"async\" class=\"alignnone size-large wp-image-4408\" src=\"http:\/\/www.bkl974.re\/jardin\/wp-content\/uploads\/2022\/12\/IMG_20180530_113915-800x600.jpg\" alt=\"\" width=\"800\" height=\"600\" srcset=\"http:\/\/www.bkl974.re\/jardin\/wp-content\/uploads\/2022\/12\/IMG_20180530_113915-800x600.jpg 800w, http:\/\/www.bkl974.re\/jardin\/wp-content\/uploads\/2022\/12\/IMG_20180530_113915-600x450.jpg 600w, http:\/\/www.bkl974.re\/jardin\/wp-content\/uploads\/2022\/12\/IMG_20180530_113915-400x300.jpg 400w, http:\/\/www.bkl974.re\/jardin\/wp-content\/uploads\/2022\/12\/IMG_20180530_113915-768x576.jpg 768w, http:\/\/www.bkl974.re\/jardin\/wp-content\/uploads\/2022\/12\/IMG_20180530_113915-150x113.jpg 150w, http:\/\/www.bkl974.re\/jardin\/wp-content\/uploads\/2022\/12\/IMG_20180530_113915.jpg 1200w\" sizes=\"auto, (max-width: 800px) 100vw, 800px\" \/><\/a><\/p>\n<p>Il y a eu un petit changement par rapport au temps de ma jeunesse. Toutes les poules qu&rsquo;on peut voir la, et on ne les voit pas toutes, je leur ai donn\u00e9 un nom \ud83d\ude44\u00a0<br \/>A l&rsquo;\u00e9poque j&rsquo;en prenais soin mais n&rsquo;avais pas de mal \u00e0 les vendre voir \u00e0 les manger &#8230; mais je n&rsquo;ai jamais pu les tuer \u00e7a c&rsquo;est la mission de mon meilleur ami (tiboeuf toujours le m\u00eame=)<br \/>Aujourd&rsquo;hui je suis un v\u00e9g\u00e9tarien de longue date <strong>elles n&rsquo;ont rien \u00e0 craindre<\/strong>! Bien au contraire elles ont une vie de r\u00eave toujours au petit soin et en libert\u00e9 sur le terrain.<br \/>J&rsquo;en connaissais d\u00e9j\u00e0 un rayon sur la volaille mais j&rsquo;ai d\u00e9couvert leur intelligence et leur caract\u00e8re tr\u00e8s personnelle. Chaque poule ou coq a son propre caract\u00e8re et l&rsquo;affinit\u00e9 qui en d\u00e9coule entre elles et moi inclus. Ceux sont des animaux de compagnie \u00e0 part enti\u00e8re en fait &#8230; je mange quand m\u00eame les \u0153ufs=)<br \/>Malheureusement toute la premi\u00e8re g\u00e9n\u00e9ration s&rsquo;en est all\u00e9 depuis, sauf 2 poules qui ont \u00e0 peu pr\u00e8s 6 ans. Poulinette et Narco de leurs petits noms=) qui pondent toujours est sont toujours en bonne forme!<br \/><strong>Tout n&rsquo;est pas rose d\u00e9s qu&rsquo;on parle d&rsquo;animaux.<\/strong><br \/>D&rsquo;abord les poules en libert\u00e9 en mode animal de compagnie c&rsquo;est pas simple pour le jardin. Mais \u00e7a s&rsquo;\u00e9duque un peu une poule, elles sont capables de distinguo entre ce qu&rsquo;elles ont le droit de faire ou non. Bon certaines (les plus proches de moi) n&rsquo;en font qu&rsquo;\u00e0 leurs t\u00eates mais passons=)<br \/>Puis un jour apr\u00e8s plusieurs ann\u00e9es de vie commune mon chien (Gustin ramass\u00e9 sur le bord de la route) me tue une 10aine de poules. Je d\u00e9couvre le carnage en rentrant un soir.\u00a0<br \/>Je venais de ramasser une jeune chienne Nina&#8230; je croyais que c&rsquo;\u00e9tait elle alors je l&rsquo;enferme et le lendemain matin &#8230; nouveau carnage \ud83d\ude25 Ca m&rsquo;a fait mal cette p\u00e9riode!!<br \/>C&rsquo;\u00e9tait bien le vieux qui p\u00e8te un boulon..Gustin n&rsquo;a jamais \u00e9t\u00e9 tout \u00e0 fait net mais en vieillissant il est devenu agressif, il fr\u00f4le les 15 ans maintenant. Il tue tout ce qui bouge, je l&rsquo;enferme quand il y a des enfants il attaque certain chat, une longue histoire mais je pense qu&rsquo;il m&rsquo;a tu\u00e9 mon petit Rico. Le chat le plus extraordinaire que j&rsquo;ai eu et j&rsquo;en ai eu pas mal.<br \/>Je n&rsquo;ai pas eu le choix il vit enferm\u00e9 et sort le soir quand tout le monde est enferm\u00e9.. Je n&rsquo;ai plus du tout confiance, il reste pourtant adorable avec moi m\u00eame si \u00e7a ne tourne pas rond dans sa t\u00eate. Aujourd&rsquo;hui il est presque sourd et ne voit plus tr\u00e8s bien mais quand faut courir derri\u00e8re une bestiole il est tout \u00e0 fait d&rsquo;attaque \ud83d\ude10 Alors c&rsquo;est statu quo chacun son coin.<br \/>Alors que Nina j&rsquo;ai 200% confiance c&rsquo;est l&rsquo;\u00e9quivalent de Rico mais en chien et j&rsquo;en ai eu pas mal aussi des chiens. Elle ne touche \u00e0 aucune bestiole m\u00eame sous son nez. Elle ne supporte seulement pas les mouches c&rsquo;est tout=)<br \/>Apr\u00e8s cot\u00e9 nul:<br \/>Une poule \u00e7a gratte partout, \u00e7a se blesse, \u00e7a tombe malade, \u00e7a d\u00e9prime, les coqs se battent faut les faire tomber d&rsquo;accord ou les s\u00e9parer et \u00e7a meurt&#8230;. c&rsquo;est tout un monde.\u00a0<br \/>Mais je pourrais pas vivre sans&#8230;<br \/>Une tite histoire pas toujours joyeuse:<br \/>Voici Mickael (cf premi\u00e8re photo) et Gribou, Mickael c&rsquo;est la maman (premi\u00e8re g\u00e9n\u00e9ration)<a href=\"http:\/\/www.bkl974.re\/jardin\/wp-content\/uploads\/2022\/12\/IMG_20180611_171432.jpg\"><img loading=\"lazy\" decoding=\"async\" class=\"alignnone size-large wp-image-4411\" src=\"http:\/\/www.bkl974.re\/jardin\/wp-content\/uploads\/2022\/12\/IMG_20180611_171432-800x600.jpg\" alt=\"\" width=\"800\" height=\"600\" srcset=\"http:\/\/www.bkl974.re\/jardin\/wp-content\/uploads\/2022\/12\/IMG_20180611_171432-800x600.jpg 800w, http:\/\/www.bkl974.re\/jardin\/wp-content\/uploads\/2022\/12\/IMG_20180611_171432-600x450.jpg 600w, http:\/\/www.bkl974.re\/jardin\/wp-content\/uploads\/2022\/12\/IMG_20180611_171432-400x300.jpg 400w, http:\/\/www.bkl974.re\/jardin\/wp-content\/uploads\/2022\/12\/IMG_20180611_171432-768x576.jpg 768w, http:\/\/www.bkl974.re\/jardin\/wp-content\/uploads\/2022\/12\/IMG_20180611_171432-150x113.jpg 150w, http:\/\/www.bkl974.re\/jardin\/wp-content\/uploads\/2022\/12\/IMG_20180611_171432.jpg 1200w\" sizes=\"auto, (max-width: 800px) 100vw, 800px\" \/><\/a><br \/>Ce n&rsquo;est pas sa maman biologique car j&rsquo;ai pris un \u0153uf de Brahma que j&rsquo;ai gliss\u00e9 sous elle comme elle couvait du vide=) Le papa de Gribou c&rsquo;est Doumi (le gros brahma blanc de la photo pr\u00e9c\u00e9dente et sa m\u00e8re Poupette)\u00a0<br \/>Pour Mickael et Gribou pas d&rsquo;importance tout \u00e7a=) Normalement une poule p\u00e9i s&rsquo;occupe de ses petits pendant 3 mois maximum la&#8230;Gribou est rest\u00e9 coll\u00e9 \u00e0 sa m\u00e8re pendant plus d&rsquo;un an, c&rsquo;\u00e9tait marrant de voir la petite Mickael et l&rsquo;\u00e9norme Gribou dormir dans le m\u00eame casier =) Puis Gustin est pass\u00e9 par la et Mickael faisait partie des victimes \ud83d\ude41 La grosse Gribou qui du coup d\u00e9primait ne mangeait presque plus et est rest\u00e9e solitaire plusieurs mois c&rsquo;est moi qui suis devenu sa maman=) Jusqu&rsquo;\u00e0 ce qu&rsquo;elle devienne tr\u00e8s copine avec Poulinette qui me suit partout aussi! Un statut de privil\u00e9gier ces 2 la \u00e0 venir qu\u00e9mander dans la cuisine, il y a une petite diff\u00e9rence de taille=)<br \/><a href=\"http:\/\/www.bkl974.re\/jardin\/wp-content\/uploads\/2022\/12\/IMG_20221118_160008.jpg\"><img loading=\"lazy\" decoding=\"async\" class=\"alignnone size-large wp-image-4413\" src=\"http:\/\/www.bkl974.re\/jardin\/wp-content\/uploads\/2022\/12\/IMG_20221118_160008-800x600.jpg\" alt=\"\" width=\"800\" height=\"600\" srcset=\"http:\/\/www.bkl974.re\/jardin\/wp-content\/uploads\/2022\/12\/IMG_20221118_160008-800x600.jpg 800w, http:\/\/www.bkl974.re\/jardin\/wp-content\/uploads\/2022\/12\/IMG_20221118_160008-600x450.jpg 600w, http:\/\/www.bkl974.re\/jardin\/wp-content\/uploads\/2022\/12\/IMG_20221118_160008-400x300.jpg 400w, http:\/\/www.bkl974.re\/jardin\/wp-content\/uploads\/2022\/12\/IMG_20221118_160008-768x576.jpg 768w, http:\/\/www.bkl974.re\/jardin\/wp-content\/uploads\/2022\/12\/IMG_20221118_160008-150x113.jpg 150w, http:\/\/www.bkl974.re\/jardin\/wp-content\/uploads\/2022\/12\/IMG_20221118_160008.jpg 1200w\" sizes=\"auto, (max-width: 800px) 100vw, 800px\" \/><\/a><br \/>Elles trainaient toute la journ\u00e9e ensemble ainsi qu&rsquo;avec une des filles de Poulinette (Mistinguett qui n&rsquo;est pas dans le cadre mais qui est la)<\/p>\n<p><a href=\"http:\/\/www.bkl974.re\/jardin\/wp-content\/uploads\/2022\/12\/IMG_20220612_133614.jpg\"><img loading=\"lazy\" decoding=\"async\" class=\"alignnone size-large wp-image-4414\" src=\"http:\/\/www.bkl974.re\/jardin\/wp-content\/uploads\/2022\/12\/IMG_20220612_133614-800x600.jpg\" alt=\"\" width=\"800\" height=\"600\" srcset=\"http:\/\/www.bkl974.re\/jardin\/wp-content\/uploads\/2022\/12\/IMG_20220612_133614-800x600.jpg 800w, http:\/\/www.bkl974.re\/jardin\/wp-content\/uploads\/2022\/12\/IMG_20220612_133614-600x450.jpg 600w, http:\/\/www.bkl974.re\/jardin\/wp-content\/uploads\/2022\/12\/IMG_20220612_133614-400x300.jpg 400w, http:\/\/www.bkl974.re\/jardin\/wp-content\/uploads\/2022\/12\/IMG_20220612_133614-768x576.jpg 768w, http:\/\/www.bkl974.re\/jardin\/wp-content\/uploads\/2022\/12\/IMG_20220612_133614-150x113.jpg 150w, http:\/\/www.bkl974.re\/jardin\/wp-content\/uploads\/2022\/12\/IMG_20220612_133614.jpg 1200w\" sizes=\"auto, (max-width: 800px) 100vw, 800px\" \/><\/a><\/p>\n<p>Gribou a aussi une fille (petite maman) qui m&rsquo;a cach\u00e9 une couv\u00e9e en haut d&rsquo;un mur recouvert de lierre \u00e0 4m de hauteur! Nid que j&rsquo;ai d\u00e9couvert tard 12 \u0153ufs\u00a0 oulla &#8230; beaucoup trop j&rsquo;en ai retir\u00e9 6 et un matin je grimpe et 6 nouveaux petits<br \/><a href=\"http:\/\/www.bkl974.re\/jardin\/wp-content\/uploads\/2022\/12\/IMG_20220820_144952.jpg\"><img loading=\"lazy\" decoding=\"async\" class=\"alignnone size-large wp-image-4415\" src=\"http:\/\/www.bkl974.re\/jardin\/wp-content\/uploads\/2022\/12\/IMG_20220820_144952-800x600.jpg\" alt=\"\" width=\"800\" height=\"600\" srcset=\"http:\/\/www.bkl974.re\/jardin\/wp-content\/uploads\/2022\/12\/IMG_20220820_144952-800x600.jpg 800w, http:\/\/www.bkl974.re\/jardin\/wp-content\/uploads\/2022\/12\/IMG_20220820_144952-600x450.jpg 600w, http:\/\/www.bkl974.re\/jardin\/wp-content\/uploads\/2022\/12\/IMG_20220820_144952-400x300.jpg 400w, http:\/\/www.bkl974.re\/jardin\/wp-content\/uploads\/2022\/12\/IMG_20220820_144952-768x576.jpg 768w, http:\/\/www.bkl974.re\/jardin\/wp-content\/uploads\/2022\/12\/IMG_20220820_144952-150x113.jpg 150w, http:\/\/www.bkl974.re\/jardin\/wp-content\/uploads\/2022\/12\/IMG_20220820_144952.jpg 1200w\" sizes=\"auto, (max-width: 800px) 100vw, 800px\" \/><\/a><br \/>Au bout de 24h je r\u00e9cup\u00e8re la nouvelle petite famille et les mets \u00e0 l&rsquo;abri dans une petite cage car les chats et les poussins je ne tente pas le diable<br \/><a href=\"http:\/\/www.bkl974.re\/jardin\/wp-content\/uploads\/2022\/12\/IMG_20220823_115617.jpg\"><img loading=\"lazy\" decoding=\"async\" class=\"alignnone size-large wp-image-4416\" src=\"http:\/\/www.bkl974.re\/jardin\/wp-content\/uploads\/2022\/12\/IMG_20220823_115617-800x600.jpg\" alt=\"\" width=\"800\" height=\"600\" srcset=\"http:\/\/www.bkl974.re\/jardin\/wp-content\/uploads\/2022\/12\/IMG_20220823_115617-800x600.jpg 800w, http:\/\/www.bkl974.re\/jardin\/wp-content\/uploads\/2022\/12\/IMG_20220823_115617-600x450.jpg 600w, http:\/\/www.bkl974.re\/jardin\/wp-content\/uploads\/2022\/12\/IMG_20220823_115617-400x300.jpg 400w, http:\/\/www.bkl974.re\/jardin\/wp-content\/uploads\/2022\/12\/IMG_20220823_115617-768x576.jpg 768w, http:\/\/www.bkl974.re\/jardin\/wp-content\/uploads\/2022\/12\/IMG_20220823_115617-150x113.jpg 150w, http:\/\/www.bkl974.re\/jardin\/wp-content\/uploads\/2022\/12\/IMG_20220823_115617.jpg 1200w\" sizes=\"auto, (max-width: 800px) 100vw, 800px\" \/><\/a><\/p>\n<p>3 semaines plus tard les petits font une taille qui n&rsquo;int\u00e9resse plus trop les chats alors c&rsquo;est la libert\u00e9 toujours coll\u00e9s \u00e0 maman et grand m\u00e8re Gribou<br \/><iframe loading=\"lazy\" src=\"\/\/www.youtube.com\/embed\/LbUWE7l2K3I\" width=\"560\" height=\"314\" allowfullscreen=\"allowfullscreen\"><\/iframe><br \/>Aujourd&rsquo;hui trois mois plus tard les petits enfants de Gribou=)<br \/><a href=\"http:\/\/www.bkl974.re\/jardin\/wp-content\/uploads\/2022\/12\/IMG_20221026_155759.jpg\"><img loading=\"lazy\" decoding=\"async\" class=\"alignnone size-large wp-image-4417\" src=\"http:\/\/www.bkl974.re\/jardin\/wp-content\/uploads\/2022\/12\/IMG_20221026_155759-800x600.jpg\" alt=\"\" width=\"800\" height=\"600\" srcset=\"http:\/\/www.bkl974.re\/jardin\/wp-content\/uploads\/2022\/12\/IMG_20221026_155759-800x600.jpg 800w, http:\/\/www.bkl974.re\/jardin\/wp-content\/uploads\/2022\/12\/IMG_20221026_155759-600x450.jpg 600w, http:\/\/www.bkl974.re\/jardin\/wp-content\/uploads\/2022\/12\/IMG_20221026_155759-400x300.jpg 400w, http:\/\/www.bkl974.re\/jardin\/wp-content\/uploads\/2022\/12\/IMG_20221026_155759-768x576.jpg 768w, http:\/\/www.bkl974.re\/jardin\/wp-content\/uploads\/2022\/12\/IMG_20221026_155759-150x113.jpg 150w, http:\/\/www.bkl974.re\/jardin\/wp-content\/uploads\/2022\/12\/IMG_20221026_155759.jpg 1200w\" sizes=\"auto, (max-width: 800px) 100vw, 800px\" \/><\/a><\/p>\n<p><a href=\"http:\/\/www.bkl974.re\/jardin\/wp-content\/uploads\/2022\/12\/P1130279.jpg\"><img loading=\"lazy\" decoding=\"async\" class=\"alignnone size-large wp-image-4418\" src=\"http:\/\/www.bkl974.re\/jardin\/wp-content\/uploads\/2022\/12\/P1130279-800x600.jpg\" alt=\"\" width=\"800\" height=\"600\" srcset=\"http:\/\/www.bkl974.re\/jardin\/wp-content\/uploads\/2022\/12\/P1130279-800x600.jpg 800w, http:\/\/www.bkl974.re\/jardin\/wp-content\/uploads\/2022\/12\/P1130279-600x450.jpg 600w, http:\/\/www.bkl974.re\/jardin\/wp-content\/uploads\/2022\/12\/P1130279-400x300.jpg 400w, http:\/\/www.bkl974.re\/jardin\/wp-content\/uploads\/2022\/12\/P1130279-768x576.jpg 768w, http:\/\/www.bkl974.re\/jardin\/wp-content\/uploads\/2022\/12\/P1130279-150x113.jpg 150w, http:\/\/www.bkl974.re\/jardin\/wp-content\/uploads\/2022\/12\/P1130279.jpg 1200w\" sizes=\"auto, (max-width: 800px) 100vw, 800px\" \/><\/a><\/p>\n<p>La rel\u00e8ve est la!<br \/>Malheureusement comme souvent avec les animaux \u00e7a se termine mal, ils meurent avant nous!<br \/>Gribou apr\u00e8s avoir mal pondu un \u0153uf, cloaque tout sorti oblig\u00e9 d&rsquo;inciser et de recoudre chez le v\u00e9t\u00e9rinaire, elle a continu\u00e9 \u00e0 pondre sans probl\u00e8me par la suite, apr\u00e8s s&rsquo;\u00eatre fait d\u00e9chiqueter par Gustin m\u00eame avec museli\u00e8re, apr\u00e8s une infection pulmonaire\u00a0 il y a quelques semaines qu&rsquo;elle a surmont\u00e9, ma grosse Gribou nous a quitt\u00e9 ce matin. Depuis 2 jours je sentais que son c\u0153ur n&rsquo;allait pas fort elle s&rsquo;est \u00e9teinte dans le casier ou elle est n\u00e9e il y a 5 ans sous Mickael! <a href=\"http:\/\/www.bkl974.re\/jardin\/wp-content\/uploads\/2022\/12\/IMG_20180527_145756-1.jpg\"><img loading=\"lazy\" decoding=\"async\" class=\"alignnone size-large wp-image-4420\" src=\"http:\/\/www.bkl974.re\/jardin\/wp-content\/uploads\/2022\/12\/IMG_20180527_145756-1-800x551.jpg\" alt=\"\" width=\"800\" height=\"551\" srcset=\"http:\/\/www.bkl974.re\/jardin\/wp-content\/uploads\/2022\/12\/IMG_20180527_145756-1-800x551.jpg 800w, http:\/\/www.bkl974.re\/jardin\/wp-content\/uploads\/2022\/12\/IMG_20180527_145756-1-600x413.jpg 600w, http:\/\/www.bkl974.re\/jardin\/wp-content\/uploads\/2022\/12\/IMG_20180527_145756-1-768x529.jpg 768w, http:\/\/www.bkl974.re\/jardin\/wp-content\/uploads\/2022\/12\/IMG_20180527_145756-1-150x103.jpg 150w, http:\/\/www.bkl974.re\/jardin\/wp-content\/uploads\/2022\/12\/IMG_20180527_145756-1.jpg 1200w\" sizes=\"auto, (max-width: 800px) 100vw, 800px\" \/><\/a><br \/>Termin\u00e9 cette grosse poupoule qui me colle au train dans la cour, elle va me manquer s\u00e9v\u00e8rement celle la<br \/><a href=\"http:\/\/www.bkl974.re\/jardin\/wp-content\/uploads\/2022\/12\/IMG_20210210_170800.jpg\"><img loading=\"lazy\" decoding=\"async\" class=\"alignnone size-large wp-image-4423\" src=\"http:\/\/www.bkl974.re\/jardin\/wp-content\/uploads\/2022\/12\/IMG_20210210_170800-800x600.jpg\" alt=\"\" width=\"800\" height=\"600\" srcset=\"http:\/\/www.bkl974.re\/jardin\/wp-content\/uploads\/2022\/12\/IMG_20210210_170800-800x600.jpg 800w, http:\/\/www.bkl974.re\/jardin\/wp-content\/uploads\/2022\/12\/IMG_20210210_170800-600x450.jpg 600w, http:\/\/www.bkl974.re\/jardin\/wp-content\/uploads\/2022\/12\/IMG_20210210_170800-400x300.jpg 400w, http:\/\/www.bkl974.re\/jardin\/wp-content\/uploads\/2022\/12\/IMG_20210210_170800-768x576.jpg 768w, http:\/\/www.bkl974.re\/jardin\/wp-content\/uploads\/2022\/12\/IMG_20210210_170800-150x113.jpg 150w, http:\/\/www.bkl974.re\/jardin\/wp-content\/uploads\/2022\/12\/IMG_20210210_170800.jpg 1200w\" sizes=\"auto, (max-width: 800px) 100vw, 800px\" \/><\/a><br \/><a href=\"http:\/\/www.bkl974.re\/jardin\/wp-content\/uploads\/2022\/12\/IMG_20220914_131837.jpg\"><img loading=\"lazy\" decoding=\"async\" class=\"alignnone size-large wp-image-4421\" src=\"http:\/\/www.bkl974.re\/jardin\/wp-content\/uploads\/2022\/12\/IMG_20220914_131837-800x600.jpg\" alt=\"\" width=\"800\" height=\"600\" srcset=\"http:\/\/www.bkl974.re\/jardin\/wp-content\/uploads\/2022\/12\/IMG_20220914_131837-800x600.jpg 800w, http:\/\/www.bkl974.re\/jardin\/wp-content\/uploads\/2022\/12\/IMG_20220914_131837-600x450.jpg 600w, http:\/\/www.bkl974.re\/jardin\/wp-content\/uploads\/2022\/12\/IMG_20220914_131837-400x300.jpg 400w, http:\/\/www.bkl974.re\/jardin\/wp-content\/uploads\/2022\/12\/IMG_20220914_131837-768x576.jpg 768w, http:\/\/www.bkl974.re\/jardin\/wp-content\/uploads\/2022\/12\/IMG_20220914_131837-150x113.jpg 150w, http:\/\/www.bkl974.re\/jardin\/wp-content\/uploads\/2022\/12\/IMG_20220914_131837.jpg 1200w\" sizes=\"auto, (max-width: 800px) 100vw, 800px\" \/><\/a> <a href=\"http:\/\/www.bkl974.re\/jardin\/wp-content\/uploads\/2022\/12\/IMG_8835.jpg\"><img loading=\"lazy\" decoding=\"async\" class=\"alignnone size-large wp-image-4422\" src=\"http:\/\/www.bkl974.re\/jardin\/wp-content\/uploads\/2022\/12\/IMG_8835-800x600.jpg\" alt=\"\" width=\"800\" height=\"600\" srcset=\"http:\/\/www.bkl974.re\/jardin\/wp-content\/uploads\/2022\/12\/IMG_8835-800x600.jpg 800w, http:\/\/www.bkl974.re\/jardin\/wp-content\/uploads\/2022\/12\/IMG_8835-600x450.jpg 600w, http:\/\/www.bkl974.re\/jardin\/wp-content\/uploads\/2022\/12\/IMG_8835-400x300.jpg 400w, http:\/\/www.bkl974.re\/jardin\/wp-content\/uploads\/2022\/12\/IMG_8835-768x576.jpg 768w, http:\/\/www.bkl974.re\/jardin\/wp-content\/uploads\/2022\/12\/IMG_8835-150x113.jpg 150w, http:\/\/www.bkl974.re\/jardin\/wp-content\/uploads\/2022\/12\/IMG_8835.jpg 1200w\" sizes=\"auto, (max-width: 800px) 100vw, 800px\" \/><\/a><\/p>\n<p>Ca me tire les larmes mon dimanche n&rsquo;est pas joyeux\u00a0 fini cette grosse boule de plume qui me parlait a l&rsquo;oreille tout le temps m\u00eame si je ne comprenais pas trop&#8230;<br \/>Certains comme souvent me diront qu&rsquo;il ne faut pas s&rsquo;attacher autant et que donner un nom \u00e0 ses poules ce n&rsquo;est pas une bonne id\u00e9e!<br \/>Je m&rsquo;en fout, si j&rsquo;ai des animaux ce n&rsquo;est pas pour que je m&#8217;emp\u00eache de les aimer sinon autant ne pas en avoir! J&rsquo;ai racont\u00e9 une histoire mais il y en a eu beaucoup d&rsquo;autres qui m&rsquo;ont aussi fait souffrir c&rsquo;est la vie et la mort qui d\u00e9cident.<br \/>Vivre sans animaux je ne sais pas faire alors je les aime tant que je peux m\u00eame si un jour comme aujourd&rsquo;hui vient la douleur.<br \/>Elle a quand m\u00eame eu une vie mouvement\u00e9e mais tr\u00e8s tr\u00e8s agr\u00e9able \u00e7a me r\u00e9conforte un peu, je l&rsquo;ai enterr\u00e9e \u00e0 cot\u00e9 de sa maman.<br \/>Elle me manque&#8230;.!<\/p>\n<p>A plus tard&#8230;.<\/p>\n","protected":false},"excerpt":{"rendered":"<p>Je vais parler un peu de mes poules=)Quand je suis revenu m&rsquo;installer dans ma maison d&rsquo;enfance mise \u00e0 part rafraichir la barraque je voulais avoir des poules! J&rsquo;en ai toujours plus ou moins eu jusqu&rsquo;\u00e0 ce que je quitte l&rsquo;\u00eele.J&rsquo;ai d&rsquo;abord fait une couveuse dont je parle ici \u00a0qui raconte aussi un peu mon histoire avec la volaille=)Fin 2016 je me retrouve donc avec une 20aine de poules sorties d&rsquo;\u0153ufs venant de mon meilleur ami.La elles ont quelques heures et sont sous lampe dans une \u00e9leveuse que j&rsquo;ai aussi fabriqu\u00e9, en premier plan Mickael et R\u00e9becca: Un peu plus d&rsquo;un an plus tard ce petit monde a pouss\u00e9 La c&rsquo;\u00e9tait des poules p\u00e9\u00ef (pays) comme on dit ici en gros, un m\u00e9lange de toutes sortes de races passant de l&rsquo;Indon\u00e9sie jusqu&rsquo;\u00e0 l&rsquo;Europe un peu comme les cr\u00e9oles=)J&rsquo;ai aussi eu des brahmas ces grosses bestioles adorables Il y a eu un&#8230;<\/p>\n<p> <a class=\"continue-reading-link\" href=\"http:\/\/www.bkl974.re\/jardin\/2022\/12\/04\/les-poules\/\"><span>Continuer la lecture<\/span><i class=\"crycon-right-dir\"><\/i><\/a> <\/p>\n","protected":false},"author":1,"featured_media":0,"comment_status":"open","ping_status":"open","sticky":false,"template":"","format":"standard","meta":{"om_disable_all_campaigns":false,"_monsterinsights_skip_tracking":false,"_monsterinsights_sitenote_active":false,"_monsterinsights_sitenote_note":"","_monsterinsights_sitenote_category":0,"_uf_show_specific_survey":0,"_uf_disable_surveys":false,"footnotes":""},"categories":[13],"tags":[518,507,517,491],"class_list":["post-4402","post","type-post","status-publish","format-standard","hentry","category-animaux","tag-brahma","tag-ile-de-la-reunion-3","tag-poule-pei","tag-poules"],"aioseo_notices":[],"_links":{"self":[{"href":"http:\/\/www.bkl974.re\/jardin\/wp-json\/wp\/v2\/posts\/4402","targetHints":{"allow":["GET"]}}],"collection":[{"href":"http:\/\/www.bkl974.re\/jardin\/wp-json\/wp\/v2\/posts"}],"about":[{"href":"http:\/\/www.bkl974.re\/jardin\/wp-json\/wp\/v2\/types\/post"}],"author":[{"embeddable":true,"href":"http:\/\/www.bkl974.re\/jardin\/wp-json\/wp\/v2\/users\/1"}],"replies":[{"embeddable":true,"href":"http:\/\/www.bkl974.re\/jardin\/wp-json\/wp\/v2\/comments?post=4402"}],"version-history":[{"count":10,"href":"http:\/\/www.bkl974.re\/jardin\/wp-json\/wp\/v2\/posts\/4402\/revisions"}],"predecessor-version":[{"id":4431,"href":"http:\/\/www.bkl974.re\/jardin\/wp-json\/wp\/v2\/posts\/4402\/revisions\/4431"}],"wp:attachment":[{"href":"http:\/\/www.bkl974.re\/jardin\/wp-json\/wp\/v2\/media?parent=4402"}],"wp:term":[{"taxonomy":"category","embeddable":true,"href":"http:\/\/www.bkl974.re\/jardin\/wp-json\/wp\/v2\/categories?post=4402"},{"taxonomy":"post_tag","embeddable":true,"href":"http:\/\/www.bkl974.re\/jardin\/wp-json\/wp\/v2\/tags?post=4402"}],"curies":[{"name":"wp","href":"https:\/\/api.w.org\/{rel}","templated":true}]}}