{"id":4479,"date":"2023-03-06T19:07:47","date_gmt":"2023-03-06T15:07:47","guid":{"rendered":"http:\/\/www.bkl974.re\/jardin\/?p=4479"},"modified":"2023-03-06T19:07:47","modified_gmt":"2023-03-06T15:07:47","slug":"juste-avant-le-coup-de-vent","status":"publish","type":"post","link":"http:\/\/www.bkl974.re\/jardin\/2023\/03\/06\/juste-avant-le-coup-de-vent\/","title":{"rendered":"Juste avant le coup de vent"},"content":{"rendered":"\n<p>C&rsquo;\u00e9tait juste avant le cyclone qui s&rsquo;est transform\u00e9 en coup de vent!<br \/>Lui s&rsquo;appr\u00eatait \u00e0 me faire une boule de fleurs (en arri\u00e8re plan c&rsquo;est un Tro\u00e8ne de Ceylan)<br \/><a href=\"http:\/\/www.bkl974.re\/jardin\/wp-content\/uploads\/2023\/03\/IMG_20230220_151540-1.jpg\"><img loading=\"lazy\" decoding=\"async\" class=\"aligncenter wp-image-4480 size-large\" src=\"http:\/\/www.bkl974.re\/jardin\/wp-content\/uploads\/2023\/03\/IMG_20230220_151540-1-450x600.jpg\" alt=\"\" width=\"450\" height=\"600\" srcset=\"http:\/\/www.bkl974.re\/jardin\/wp-content\/uploads\/2023\/03\/IMG_20230220_151540-1-450x600.jpg 450w, http:\/\/www.bkl974.re\/jardin\/wp-content\/uploads\/2023\/03\/IMG_20230220_151540-1-338x450.jpg 338w, http:\/\/www.bkl974.re\/jardin\/wp-content\/uploads\/2023\/03\/IMG_20230220_151540-1-768x1024.jpg 768w, http:\/\/www.bkl974.re\/jardin\/wp-content\/uploads\/2023\/03\/IMG_20230220_151540-1-1152x1536.jpg 1152w, http:\/\/www.bkl974.re\/jardin\/wp-content\/uploads\/2023\/03\/IMG_20230220_151540-1-113x150.jpg 113w, http:\/\/www.bkl974.re\/jardin\/wp-content\/uploads\/2023\/03\/IMG_20230220_151540-1.jpg 1200w\" sizes=\"auto, (max-width: 450px) 100vw, 450px\" \/><\/a><br \/>C&rsquo;est un goyavier fleur Lagerstroemia indica blanc il avait plein de boutons et allait donner sa vraie premi\u00e8re floraison mais les vents de Freddy ont emport\u00e9 la plupart!\u00a0<br \/>Cot\u00e9 mur \u00e7a commen\u00e7ait \u00e0 \u00eatre garni\u00a0<a href=\"http:\/\/www.bkl974.re\/jardin\/wp-content\/uploads\/2023\/03\/IMG_20230220_151615-1.jpg\"><img loading=\"lazy\" decoding=\"async\" class=\"alignnone size-large wp-image-4481\" src=\"http:\/\/www.bkl974.re\/jardin\/wp-content\/uploads\/2023\/03\/IMG_20230220_151615-1-800x600.jpg\" alt=\"\" width=\"800\" height=\"600\" srcset=\"http:\/\/www.bkl974.re\/jardin\/wp-content\/uploads\/2023\/03\/IMG_20230220_151615-1-800x600.jpg 800w, http:\/\/www.bkl974.re\/jardin\/wp-content\/uploads\/2023\/03\/IMG_20230220_151615-1-600x450.jpg 600w, http:\/\/www.bkl974.re\/jardin\/wp-content\/uploads\/2023\/03\/IMG_20230220_151615-1-400x300.jpg 400w, http:\/\/www.bkl974.re\/jardin\/wp-content\/uploads\/2023\/03\/IMG_20230220_151615-1-768x576.jpg 768w, http:\/\/www.bkl974.re\/jardin\/wp-content\/uploads\/2023\/03\/IMG_20230220_151615-1-1536x1152.jpg 1536w, http:\/\/www.bkl974.re\/jardin\/wp-content\/uploads\/2023\/03\/IMG_20230220_151615-1-150x113.jpg 150w, http:\/\/www.bkl974.re\/jardin\/wp-content\/uploads\/2023\/03\/IMG_20230220_151615-1.jpg 1600w\" sizes=\"auto, (max-width: 800px) 100vw, 800px\" \/><\/a><a href=\"http:\/\/www.bkl974.re\/jardin\/wp-content\/uploads\/2023\/03\/IMG_20230220_151619-1.jpg\"><img loading=\"lazy\" decoding=\"async\" class=\"alignnone size-large wp-image-4482\" src=\"http:\/\/www.bkl974.re\/jardin\/wp-content\/uploads\/2023\/03\/IMG_20230220_151619-1-800x600.jpg\" alt=\"\" width=\"800\" height=\"600\" srcset=\"http:\/\/www.bkl974.re\/jardin\/wp-content\/uploads\/2023\/03\/IMG_20230220_151619-1-800x600.jpg 800w, http:\/\/www.bkl974.re\/jardin\/wp-content\/uploads\/2023\/03\/IMG_20230220_151619-1-600x450.jpg 600w, http:\/\/www.bkl974.re\/jardin\/wp-content\/uploads\/2023\/03\/IMG_20230220_151619-1-400x300.jpg 400w, http:\/\/www.bkl974.re\/jardin\/wp-content\/uploads\/2023\/03\/IMG_20230220_151619-1-768x576.jpg 768w, http:\/\/www.bkl974.re\/jardin\/wp-content\/uploads\/2023\/03\/IMG_20230220_151619-1-1536x1152.jpg 1536w, http:\/\/www.bkl974.re\/jardin\/wp-content\/uploads\/2023\/03\/IMG_20230220_151619-1-150x113.jpg 150w, http:\/\/www.bkl974.re\/jardin\/wp-content\/uploads\/2023\/03\/IMG_20230220_151619-1.jpg 1600w\" sizes=\"auto, (max-width: 800px) 100vw, 800px\" \/><\/a><br \/>Les tisons de Satan qui fleurissent en juin ne sont pas encore trop envahissants ..<br \/>Cl\u00e9rodendron et mussaenda jouent un peu des coudes mais c&rsquo;est \u00e0 cette p\u00e9riode ou c&rsquo;est joli.. En hiver c&rsquo;est le vide ou les tisons=) Il n&rsquo;y a pas eu de d\u00e9g\u00e2t faut juste les recoiffer lol\u00a0<br \/><br \/>Sous les fruitiers au fond de la cour ces d\u00e9licates choses n&rsquo;ont pas souffert photo juste apr\u00e8s Freddy les traditionnels gingembres d&rsquo;ornement<a href=\"http:\/\/www.bkl974.re\/jardin\/wp-content\/uploads\/2023\/03\/IMG_20230224_125030-1.jpg\"><img loading=\"lazy\" decoding=\"async\" class=\"alignnone size-large wp-image-4483\" src=\"http:\/\/www.bkl974.re\/jardin\/wp-content\/uploads\/2023\/03\/IMG_20230224_125030-1-747x600.jpg\" alt=\"\" width=\"747\" height=\"600\" srcset=\"http:\/\/www.bkl974.re\/jardin\/wp-content\/uploads\/2023\/03\/IMG_20230224_125030-1-747x600.jpg 747w, http:\/\/www.bkl974.re\/jardin\/wp-content\/uploads\/2023\/03\/IMG_20230224_125030-1-560x450.jpg 560w, http:\/\/www.bkl974.re\/jardin\/wp-content\/uploads\/2023\/03\/IMG_20230224_125030-1-768x617.jpg 768w, http:\/\/www.bkl974.re\/jardin\/wp-content\/uploads\/2023\/03\/IMG_20230224_125030-1-1536x1234.jpg 1536w, http:\/\/www.bkl974.re\/jardin\/wp-content\/uploads\/2023\/03\/IMG_20230224_125030-1-150x120.jpg 150w, http:\/\/www.bkl974.re\/jardin\/wp-content\/uploads\/2023\/03\/IMG_20230224_125030-1-350x280.jpg 350w, http:\/\/www.bkl974.re\/jardin\/wp-content\/uploads\/2023\/03\/IMG_20230224_125030-1.jpg 1600w\" sizes=\"auto, (max-width: 747px) 100vw, 747px\" \/><\/a><br \/>Et une nouvelle couleur avec des longoses rouge apparu cette ann\u00e9e<br \/><a href=\"http:\/\/www.bkl974.re\/jardin\/wp-content\/uploads\/2023\/03\/IMG_20230224_125058-1.jpg\"><img loading=\"lazy\" decoding=\"async\" class=\"alignnone size-large wp-image-4484\" src=\"http:\/\/www.bkl974.re\/jardin\/wp-content\/uploads\/2023\/03\/IMG_20230224_125058-1-800x500.jpg\" alt=\"\" width=\"800\" height=\"500\" srcset=\"http:\/\/www.bkl974.re\/jardin\/wp-content\/uploads\/2023\/03\/IMG_20230224_125058-1-800x500.jpg 800w, http:\/\/www.bkl974.re\/jardin\/wp-content\/uploads\/2023\/03\/IMG_20230224_125058-1-600x375.jpg 600w, http:\/\/www.bkl974.re\/jardin\/wp-content\/uploads\/2023\/03\/IMG_20230224_125058-1-768x480.jpg 768w, http:\/\/www.bkl974.re\/jardin\/wp-content\/uploads\/2023\/03\/IMG_20230224_125058-1-1536x960.jpg 1536w, http:\/\/www.bkl974.re\/jardin\/wp-content\/uploads\/2023\/03\/IMG_20230224_125058-1-150x94.jpg 150w, http:\/\/www.bkl974.re\/jardin\/wp-content\/uploads\/2023\/03\/IMG_20230224_125058-1.jpg 1600w\" sizes=\"auto, (max-width: 800px) 100vw, 800px\" \/><\/a><a href=\"http:\/\/www.bkl974.re\/jardin\/wp-content\/uploads\/2023\/03\/IMG_20230224_125112-1.jpg\"><img loading=\"lazy\" decoding=\"async\" class=\"alignnone size-large wp-image-4485\" src=\"http:\/\/www.bkl974.re\/jardin\/wp-content\/uploads\/2023\/03\/IMG_20230224_125112-1-800x600.jpg\" alt=\"\" width=\"800\" height=\"600\" srcset=\"http:\/\/www.bkl974.re\/jardin\/wp-content\/uploads\/2023\/03\/IMG_20230224_125112-1-800x600.jpg 800w, http:\/\/www.bkl974.re\/jardin\/wp-content\/uploads\/2023\/03\/IMG_20230224_125112-1-600x450.jpg 600w, http:\/\/www.bkl974.re\/jardin\/wp-content\/uploads\/2023\/03\/IMG_20230224_125112-1-400x300.jpg 400w, http:\/\/www.bkl974.re\/jardin\/wp-content\/uploads\/2023\/03\/IMG_20230224_125112-1-768x576.jpg 768w, http:\/\/www.bkl974.re\/jardin\/wp-content\/uploads\/2023\/03\/IMG_20230224_125112-1-1536x1152.jpg 1536w, http:\/\/www.bkl974.re\/jardin\/wp-content\/uploads\/2023\/03\/IMG_20230224_125112-1-150x113.jpg 150w, http:\/\/www.bkl974.re\/jardin\/wp-content\/uploads\/2023\/03\/IMG_20230224_125112-1.jpg 1600w\" sizes=\"auto, (max-width: 800px) 100vw, 800px\" \/><\/a><br \/>Des \u00ab\u00a0pestes\u00a0\u00bb v\u00e9g\u00e9tales ici mais moi j&rsquo;adore plus y&rsquo;en a mieux c&rsquo;est=)\u00a0<br \/>A plus tard pour un autre tour et la p\u00e9riode potager va reprendre sous peu \ud83d\ude09 &#8230;.<\/p>\n","protected":false},"excerpt":{"rendered":"<p>C&rsquo;\u00e9tait juste avant le cyclone qui s&rsquo;est transform\u00e9 en coup de vent!Lui s&rsquo;appr\u00eatait \u00e0 me faire une boule de fleurs (en arri\u00e8re plan c&rsquo;est un Tro\u00e8ne de Ceylan)C&rsquo;est un goyavier fleur Lagerstroemia indica blanc il avait plein de boutons et allait donner sa vraie premi\u00e8re floraison mais les vents de Freddy ont emport\u00e9 la plupart!\u00a0Cot\u00e9 mur \u00e7a commen\u00e7ait \u00e0 \u00eatre garni\u00a0Les tisons de Satan qui fleurissent en juin ne sont pas encore trop envahissants ..Cl\u00e9rodendron et mussaenda jouent un peu des coudes mais c&rsquo;est \u00e0 cette p\u00e9riode ou c&rsquo;est joli.. En hiver c&rsquo;est le vide ou les tisons=) Il n&rsquo;y a pas eu de d\u00e9g\u00e2t faut juste les recoiffer lol\u00a0 Sous les fruitiers au fond de la cour ces d\u00e9licates choses n&rsquo;ont pas souffert photo juste apr\u00e8s Freddy les traditionnels gingembres d&rsquo;ornementEt une nouvelle couleur avec des longoses rouge apparu cette ann\u00e9eDes \u00ab\u00a0pestes\u00a0\u00bb v\u00e9g\u00e9tales ici mais moi j&rsquo;adore plus y&rsquo;en&#8230;<\/p>\n<p> <a class=\"continue-reading-link\" href=\"http:\/\/www.bkl974.re\/jardin\/2023\/03\/06\/juste-avant-le-coup-de-vent\/\"><span>Continuer la lecture<\/span><i class=\"crycon-right-dir\"><\/i><\/a> <\/p>\n","protected":false},"author":1,"featured_media":0,"comment_status":"open","ping_status":"open","sticky":false,"template":"","format":"standard","meta":{"om_disable_all_campaigns":false,"_monsterinsights_skip_tracking":false,"_monsterinsights_sitenote_active":false,"_monsterinsights_sitenote_note":"","_monsterinsights_sitenote_category":0,"_uf_show_specific_survey":0,"_uf_disable_surveys":false,"footnotes":""},"categories":[476,464],"tags":[527,525,524,477,528,526],"class_list":["post-4479","post","type-post","status-publish","format-standard","hentry","category-fleurs","category-jardin-terrain","tag-clerodendron","tag-golagerstroemia-indica","tag-goyavier-fleur","tag-longose","tag-mussaenda","tag-tisons-de-satan"],"aioseo_notices":[],"_links":{"self":[{"href":"http:\/\/www.bkl974.re\/jardin\/wp-json\/wp\/v2\/posts\/4479","targetHints":{"allow":["GET"]}}],"collection":[{"href":"http:\/\/www.bkl974.re\/jardin\/wp-json\/wp\/v2\/posts"}],"about":[{"href":"http:\/\/www.bkl974.re\/jardin\/wp-json\/wp\/v2\/types\/post"}],"author":[{"embeddable":true,"href":"http:\/\/www.bkl974.re\/jardin\/wp-json\/wp\/v2\/users\/1"}],"replies":[{"embeddable":true,"href":"http:\/\/www.bkl974.re\/jardin\/wp-json\/wp\/v2\/comments?post=4479"}],"version-history":[{"count":3,"href":"http:\/\/www.bkl974.re\/jardin\/wp-json\/wp\/v2\/posts\/4479\/revisions"}],"predecessor-version":[{"id":4488,"href":"http:\/\/www.bkl974.re\/jardin\/wp-json\/wp\/v2\/posts\/4479\/revisions\/4488"}],"wp:attachment":[{"href":"http:\/\/www.bkl974.re\/jardin\/wp-json\/wp\/v2\/media?parent=4479"}],"wp:term":[{"taxonomy":"category","embeddable":true,"href":"http:\/\/www.bkl974.re\/jardin\/wp-json\/wp\/v2\/categories?post=4479"},{"taxonomy":"post_tag","embeddable":true,"href":"http:\/\/www.bkl974.re\/jardin\/wp-json\/wp\/v2\/tags?post=4479"}],"curies":[{"name":"wp","href":"https:\/\/api.w.org\/{rel}","templated":true}]}}