{"id":4739,"date":"2023-09-02T21:05:11","date_gmt":"2023-09-02T17:05:11","guid":{"rendered":"http:\/\/www.bkl974.re\/jardin\/?p=4739"},"modified":"2023-09-02T21:11:53","modified_gmt":"2023-09-02T17:11:53","slug":"quelques-recoltes-et-du-soleil","status":"publish","type":"post","link":"http:\/\/www.bkl974.re\/jardin\/2023\/09\/02\/quelques-recoltes-et-du-soleil\/","title":{"rendered":"Quelques r\u00e9coltes et du soleil"},"content":{"rendered":"\n\n\n<p>Ces derniers jours il y a un peu de soleil malgr\u00e9 quelques petites gouttes les nuits.<br>Ce weekend ce sera confiture et pate de fruit de goyave et citron je pense. On va commencer a stocker pour les mois qui viennent.&nbsp;<br>On a d\u00e9j\u00e0 fait quelques kg de chouchou congel\u00e9 car la fin de saison approche. (pas de photo \ud83d\ude33 )<br>Aujourd&rsquo;hui on a cueilli une 10 aine de kg de goyave pour demain (pas de photo \ud83d\ude33 ) C&rsquo;est ce qu&rsquo;on tentera de transformer ce weekend!<br>La lumi\u00e8re d&rsquo;hiver est la \u00ab\u00a0enfin\u00a0\u00bb quelques photos du jardin des 2 derniers jours<br><img loading=\"lazy\" decoding=\"async\" class=\"alignnone size-large wp-image-4740\" src=\"http:\/\/www.bkl974.re\/jardin\/wp-content\/uploads\/2023\/09\/IMG_20230901_141526-800x600.jpg\" alt=\"\" width=\"800\" height=\"600\" srcset=\"http:\/\/www.bkl974.re\/jardin\/wp-content\/uploads\/2023\/09\/IMG_20230901_141526-800x600.jpg 800w, http:\/\/www.bkl974.re\/jardin\/wp-content\/uploads\/2023\/09\/IMG_20230901_141526-600x450.jpg 600w, http:\/\/www.bkl974.re\/jardin\/wp-content\/uploads\/2023\/09\/IMG_20230901_141526-400x300.jpg 400w, http:\/\/www.bkl974.re\/jardin\/wp-content\/uploads\/2023\/09\/IMG_20230901_141526-768x576.jpg 768w, http:\/\/www.bkl974.re\/jardin\/wp-content\/uploads\/2023\/09\/IMG_20230901_141526-1536x1152.jpg 1536w, http:\/\/www.bkl974.re\/jardin\/wp-content\/uploads\/2023\/09\/IMG_20230901_141526-150x113.jpg 150w, http:\/\/www.bkl974.re\/jardin\/wp-content\/uploads\/2023\/09\/IMG_20230901_141526.jpg 1600w\" sizes=\"auto, (max-width: 800px) 100vw, 800px\" \/><br>La lumi\u00e8res dans les moutardes \ud83d\ude09&nbsp;<br><img loading=\"lazy\" decoding=\"async\" class=\"alignnone size-large wp-image-4741\" src=\"http:\/\/www.bkl974.re\/jardin\/wp-content\/uploads\/2023\/09\/IMG_20230901_141506-800x600.jpg\" alt=\"\" width=\"800\" height=\"600\" srcset=\"http:\/\/www.bkl974.re\/jardin\/wp-content\/uploads\/2023\/09\/IMG_20230901_141506-800x600.jpg 800w, http:\/\/www.bkl974.re\/jardin\/wp-content\/uploads\/2023\/09\/IMG_20230901_141506-600x450.jpg 600w, http:\/\/www.bkl974.re\/jardin\/wp-content\/uploads\/2023\/09\/IMG_20230901_141506-400x300.jpg 400w, http:\/\/www.bkl974.re\/jardin\/wp-content\/uploads\/2023\/09\/IMG_20230901_141506-768x576.jpg 768w, http:\/\/www.bkl974.re\/jardin\/wp-content\/uploads\/2023\/09\/IMG_20230901_141506-1536x1152.jpg 1536w, http:\/\/www.bkl974.re\/jardin\/wp-content\/uploads\/2023\/09\/IMG_20230901_141506-150x113.jpg 150w, http:\/\/www.bkl974.re\/jardin\/wp-content\/uploads\/2023\/09\/IMG_20230901_141506.jpg 1600w\" sizes=\"auto, (max-width: 800px) 100vw, 800px\" \/><br><br><\/p>\n\n\n\n<p>Montons voir le jardin au dessus de la cuisine \u00e7a pousse pas mal du tout:<br><img loading=\"lazy\" decoding=\"async\" class=\"alignnone size-large wp-image-4742\" src=\"http:\/\/www.bkl974.re\/jardin\/wp-content\/uploads\/2023\/09\/IMG_20230901_160257-800x600.jpg\" alt=\"\" width=\"800\" height=\"600\" srcset=\"http:\/\/www.bkl974.re\/jardin\/wp-content\/uploads\/2023\/09\/IMG_20230901_160257-800x600.jpg 800w, http:\/\/www.bkl974.re\/jardin\/wp-content\/uploads\/2023\/09\/IMG_20230901_160257-600x450.jpg 600w, http:\/\/www.bkl974.re\/jardin\/wp-content\/uploads\/2023\/09\/IMG_20230901_160257-400x300.jpg 400w, http:\/\/www.bkl974.re\/jardin\/wp-content\/uploads\/2023\/09\/IMG_20230901_160257-768x576.jpg 768w, http:\/\/www.bkl974.re\/jardin\/wp-content\/uploads\/2023\/09\/IMG_20230901_160257-1536x1152.jpg 1536w, http:\/\/www.bkl974.re\/jardin\/wp-content\/uploads\/2023\/09\/IMG_20230901_160257-150x113.jpg 150w, http:\/\/www.bkl974.re\/jardin\/wp-content\/uploads\/2023\/09\/IMG_20230901_160257.jpg 1600w\" sizes=\"auto, (max-width: 800px) 100vw, 800px\" \/><br><img loading=\"lazy\" decoding=\"async\" class=\"alignnone size-large wp-image-4743\" src=\"http:\/\/www.bkl974.re\/jardin\/wp-content\/uploads\/2023\/09\/IMG_20230901_160156-800x600.jpg\" alt=\"\" width=\"800\" height=\"600\" srcset=\"http:\/\/www.bkl974.re\/jardin\/wp-content\/uploads\/2023\/09\/IMG_20230901_160156-800x600.jpg 800w, http:\/\/www.bkl974.re\/jardin\/wp-content\/uploads\/2023\/09\/IMG_20230901_160156-600x450.jpg 600w, http:\/\/www.bkl974.re\/jardin\/wp-content\/uploads\/2023\/09\/IMG_20230901_160156-400x300.jpg 400w, http:\/\/www.bkl974.re\/jardin\/wp-content\/uploads\/2023\/09\/IMG_20230901_160156-768x576.jpg 768w, http:\/\/www.bkl974.re\/jardin\/wp-content\/uploads\/2023\/09\/IMG_20230901_160156-1536x1152.jpg 1536w, http:\/\/www.bkl974.re\/jardin\/wp-content\/uploads\/2023\/09\/IMG_20230901_160156-150x113.jpg 150w, http:\/\/www.bkl974.re\/jardin\/wp-content\/uploads\/2023\/09\/IMG_20230901_160156.jpg 1600w\" sizes=\"auto, (max-width: 800px) 100vw, 800px\" \/><br><img loading=\"lazy\" decoding=\"async\" class=\"alignnone size-large wp-image-4744\" src=\"http:\/\/www.bkl974.re\/jardin\/wp-content\/uploads\/2023\/09\/IMG_20230901_160211-800x600.jpg\" alt=\"\" width=\"800\" height=\"600\" srcset=\"http:\/\/www.bkl974.re\/jardin\/wp-content\/uploads\/2023\/09\/IMG_20230901_160211-800x600.jpg 800w, http:\/\/www.bkl974.re\/jardin\/wp-content\/uploads\/2023\/09\/IMG_20230901_160211-600x450.jpg 600w, http:\/\/www.bkl974.re\/jardin\/wp-content\/uploads\/2023\/09\/IMG_20230901_160211-400x300.jpg 400w, http:\/\/www.bkl974.re\/jardin\/wp-content\/uploads\/2023\/09\/IMG_20230901_160211-768x576.jpg 768w, http:\/\/www.bkl974.re\/jardin\/wp-content\/uploads\/2023\/09\/IMG_20230901_160211-1536x1152.jpg 1536w, http:\/\/www.bkl974.re\/jardin\/wp-content\/uploads\/2023\/09\/IMG_20230901_160211-150x113.jpg 150w, http:\/\/www.bkl974.re\/jardin\/wp-content\/uploads\/2023\/09\/IMG_20230901_160211.jpg 1600w\" sizes=\"auto, (max-width: 800px) 100vw, 800px\" \/><br><img loading=\"lazy\" decoding=\"async\" class=\"alignnone size-large wp-image-4745\" src=\"http:\/\/www.bkl974.re\/jardin\/wp-content\/uploads\/2023\/09\/IMG_20230901_160219-800x600.jpg\" alt=\"\" width=\"800\" height=\"600\" srcset=\"http:\/\/www.bkl974.re\/jardin\/wp-content\/uploads\/2023\/09\/IMG_20230901_160219-800x600.jpg 800w, http:\/\/www.bkl974.re\/jardin\/wp-content\/uploads\/2023\/09\/IMG_20230901_160219-600x450.jpg 600w, http:\/\/www.bkl974.re\/jardin\/wp-content\/uploads\/2023\/09\/IMG_20230901_160219-400x300.jpg 400w, http:\/\/www.bkl974.re\/jardin\/wp-content\/uploads\/2023\/09\/IMG_20230901_160219-768x576.jpg 768w, http:\/\/www.bkl974.re\/jardin\/wp-content\/uploads\/2023\/09\/IMG_20230901_160219-1536x1152.jpg 1536w, http:\/\/www.bkl974.re\/jardin\/wp-content\/uploads\/2023\/09\/IMG_20230901_160219-150x113.jpg 150w, http:\/\/www.bkl974.re\/jardin\/wp-content\/uploads\/2023\/09\/IMG_20230901_160219.jpg 1600w\" sizes=\"auto, (max-width: 800px) 100vw, 800px\" \/><br><img loading=\"lazy\" decoding=\"async\" class=\"alignnone size-large wp-image-4746\" src=\"http:\/\/www.bkl974.re\/jardin\/wp-content\/uploads\/2023\/09\/IMG_20230901_160228-788x600.jpg\" alt=\"\" width=\"788\" height=\"600\" srcset=\"http:\/\/www.bkl974.re\/jardin\/wp-content\/uploads\/2023\/09\/IMG_20230901_160228-788x600.jpg 788w, http:\/\/www.bkl974.re\/jardin\/wp-content\/uploads\/2023\/09\/IMG_20230901_160228-591x450.jpg 591w, http:\/\/www.bkl974.re\/jardin\/wp-content\/uploads\/2023\/09\/IMG_20230901_160228-768x585.jpg 768w, http:\/\/www.bkl974.re\/jardin\/wp-content\/uploads\/2023\/09\/IMG_20230901_160228-1536x1170.jpg 1536w, http:\/\/www.bkl974.re\/jardin\/wp-content\/uploads\/2023\/09\/IMG_20230901_160228-150x114.jpg 150w, http:\/\/www.bkl974.re\/jardin\/wp-content\/uploads\/2023\/09\/IMG_20230901_160228.jpg 1576w\" sizes=\"auto, (max-width: 788px) 100vw, 788px\" \/><\/p>\n\n\n\n<p>Et maintenant les r\u00e9colte quotidiennes \u00e0 manger frais, je prends ce dont on a besoin (on est que 2)et en fonction de l&rsquo;avancement de maturation ou de la place au jardin=) \u00e7a c&rsquo;\u00e9tait hier<br \/><img loading=\"lazy\" decoding=\"async\" class=\"alignnone size-large wp-image-4747\" src=\"http:\/\/www.bkl974.re\/jardin\/wp-content\/uploads\/2023\/09\/IMG_20230901_115742-450x600.jpg\" alt=\"\" width=\"450\" height=\"600\" srcset=\"http:\/\/www.bkl974.re\/jardin\/wp-content\/uploads\/2023\/09\/IMG_20230901_115742-450x600.jpg 450w, http:\/\/www.bkl974.re\/jardin\/wp-content\/uploads\/2023\/09\/IMG_20230901_115742-338x450.jpg 338w, http:\/\/www.bkl974.re\/jardin\/wp-content\/uploads\/2023\/09\/IMG_20230901_115742-768x1024.jpg 768w, http:\/\/www.bkl974.re\/jardin\/wp-content\/uploads\/2023\/09\/IMG_20230901_115742-113x150.jpg 113w, http:\/\/www.bkl974.re\/jardin\/wp-content\/uploads\/2023\/09\/IMG_20230901_115742.jpg 900w\" sizes=\"auto, (max-width: 450px) 100vw, 450px\" \/><br \/><img loading=\"lazy\" decoding=\"async\" class=\"alignnone size-large wp-image-4748\" src=\"http:\/\/www.bkl974.re\/jardin\/wp-content\/uploads\/2023\/09\/IMG_20230901_123037-793x600.jpg\" alt=\"\" width=\"793\" height=\"600\" srcset=\"http:\/\/www.bkl974.re\/jardin\/wp-content\/uploads\/2023\/09\/IMG_20230901_123037-793x600.jpg 793w, http:\/\/www.bkl974.re\/jardin\/wp-content\/uploads\/2023\/09\/IMG_20230901_123037-594x450.jpg 594w, http:\/\/www.bkl974.re\/jardin\/wp-content\/uploads\/2023\/09\/IMG_20230901_123037-768x581.jpg 768w, http:\/\/www.bkl974.re\/jardin\/wp-content\/uploads\/2023\/09\/IMG_20230901_123037-1536x1163.jpg 1536w, http:\/\/www.bkl974.re\/jardin\/wp-content\/uploads\/2023\/09\/IMG_20230901_123037-150x114.jpg 150w, http:\/\/www.bkl974.re\/jardin\/wp-content\/uploads\/2023\/09\/IMG_20230901_123037.jpg 1585w\" sizes=\"auto, (max-width: 793px) 100vw, 793px\" \/><br \/><img loading=\"lazy\" decoding=\"async\" class=\"alignnone size-large wp-image-4749\" src=\"http:\/\/www.bkl974.re\/jardin\/wp-content\/uploads\/2023\/09\/IMG_20230901_135038-800x591.jpg\" alt=\"\" width=\"800\" height=\"591\" srcset=\"http:\/\/www.bkl974.re\/jardin\/wp-content\/uploads\/2023\/09\/IMG_20230901_135038-800x591.jpg 800w, http:\/\/www.bkl974.re\/jardin\/wp-content\/uploads\/2023\/09\/IMG_20230901_135038-600x443.jpg 600w, http:\/\/www.bkl974.re\/jardin\/wp-content\/uploads\/2023\/09\/IMG_20230901_135038-768x567.jpg 768w, http:\/\/www.bkl974.re\/jardin\/wp-content\/uploads\/2023\/09\/IMG_20230901_135038-1536x1135.jpg 1536w, http:\/\/www.bkl974.re\/jardin\/wp-content\/uploads\/2023\/09\/IMG_20230901_135038-150x111.jpg 150w, http:\/\/www.bkl974.re\/jardin\/wp-content\/uploads\/2023\/09\/IMG_20230901_135038.jpg 1600w\" sizes=\"auto, (max-width: 800px) 100vw, 800px\" \/><br \/>Le chou-fleur je ne les laisse pas trop grossir sinon il noircissent'(<br \/>Et la r\u00e9colte du jour<br \/><img loading=\"lazy\" decoding=\"async\" class=\"alignnone size-large wp-image-4750\" src=\"http:\/\/www.bkl974.re\/jardin\/wp-content\/uploads\/2023\/09\/IMG_20230902_130725-800x600.jpg\" alt=\"\" width=\"800\" height=\"600\" srcset=\"http:\/\/www.bkl974.re\/jardin\/wp-content\/uploads\/2023\/09\/IMG_20230902_130725-800x600.jpg 800w, http:\/\/www.bkl974.re\/jardin\/wp-content\/uploads\/2023\/09\/IMG_20230902_130725-600x450.jpg 600w, http:\/\/www.bkl974.re\/jardin\/wp-content\/uploads\/2023\/09\/IMG_20230902_130725-400x300.jpg 400w, http:\/\/www.bkl974.re\/jardin\/wp-content\/uploads\/2023\/09\/IMG_20230902_130725-768x576.jpg 768w, http:\/\/www.bkl974.re\/jardin\/wp-content\/uploads\/2023\/09\/IMG_20230902_130725-1536x1152.jpg 1536w, http:\/\/www.bkl974.re\/jardin\/wp-content\/uploads\/2023\/09\/IMG_20230902_130725-150x113.jpg 150w, http:\/\/www.bkl974.re\/jardin\/wp-content\/uploads\/2023\/09\/IMG_20230902_130725.jpg 1600w\" sizes=\"auto, (max-width: 800px) 100vw, 800px\" \/><br \/>Les citrons ballon de rugby lol je fais des composts direct au pieds des fruitiers \u00e7a envoie &#8230;<br \/><img loading=\"lazy\" decoding=\"async\" class=\"alignnone size-large wp-image-4751\" src=\"http:\/\/www.bkl974.re\/jardin\/wp-content\/uploads\/2023\/09\/IMG_20230901_155536-800x600.jpg\" alt=\"\" width=\"800\" height=\"600\" srcset=\"http:\/\/www.bkl974.re\/jardin\/wp-content\/uploads\/2023\/09\/IMG_20230901_155536-800x600.jpg 800w, http:\/\/www.bkl974.re\/jardin\/wp-content\/uploads\/2023\/09\/IMG_20230901_155536-600x450.jpg 600w, http:\/\/www.bkl974.re\/jardin\/wp-content\/uploads\/2023\/09\/IMG_20230901_155536-400x300.jpg 400w, http:\/\/www.bkl974.re\/jardin\/wp-content\/uploads\/2023\/09\/IMG_20230901_155536-768x576.jpg 768w, http:\/\/www.bkl974.re\/jardin\/wp-content\/uploads\/2023\/09\/IMG_20230901_155536-1536x1152.jpg 1536w, http:\/\/www.bkl974.re\/jardin\/wp-content\/uploads\/2023\/09\/IMG_20230901_155536-150x113.jpg 150w, http:\/\/www.bkl974.re\/jardin\/wp-content\/uploads\/2023\/09\/IMG_20230901_155536.jpg 1600w\" sizes=\"auto, (max-width: 800px) 100vw, 800px\" \/><br \/><img loading=\"lazy\" decoding=\"async\" class=\"alignnone size-large wp-image-4752\" src=\"http:\/\/www.bkl974.re\/jardin\/wp-content\/uploads\/2023\/09\/IMG_20230901_155731-800x600.jpg\" alt=\"\" width=\"800\" height=\"600\" srcset=\"http:\/\/www.bkl974.re\/jardin\/wp-content\/uploads\/2023\/09\/IMG_20230901_155731-800x600.jpg 800w, http:\/\/www.bkl974.re\/jardin\/wp-content\/uploads\/2023\/09\/IMG_20230901_155731-600x450.jpg 600w, http:\/\/www.bkl974.re\/jardin\/wp-content\/uploads\/2023\/09\/IMG_20230901_155731-400x300.jpg 400w, http:\/\/www.bkl974.re\/jardin\/wp-content\/uploads\/2023\/09\/IMG_20230901_155731-768x576.jpg 768w, http:\/\/www.bkl974.re\/jardin\/wp-content\/uploads\/2023\/09\/IMG_20230901_155731-1536x1152.jpg 1536w, http:\/\/www.bkl974.re\/jardin\/wp-content\/uploads\/2023\/09\/IMG_20230901_155731-150x113.jpg 150w, http:\/\/www.bkl974.re\/jardin\/wp-content\/uploads\/2023\/09\/IMG_20230901_155731.jpg 1600w\" sizes=\"auto, (max-width: 800px) 100vw, 800px\" \/><br \/>Et le citronnier est toujours aussi charg\u00e9!! il est impressionnant vraiment..<br \/><img loading=\"lazy\" decoding=\"async\" class=\"alignnone size-large wp-image-4753\" src=\"http:\/\/www.bkl974.re\/jardin\/wp-content\/uploads\/2023\/09\/IMG_20230901_155758-450x600.jpg\" alt=\"\" width=\"450\" height=\"600\" srcset=\"http:\/\/www.bkl974.re\/jardin\/wp-content\/uploads\/2023\/09\/IMG_20230901_155758-450x600.jpg 450w, http:\/\/www.bkl974.re\/jardin\/wp-content\/uploads\/2023\/09\/IMG_20230901_155758-338x450.jpg 338w, http:\/\/www.bkl974.re\/jardin\/wp-content\/uploads\/2023\/09\/IMG_20230901_155758-768x1024.jpg 768w, http:\/\/www.bkl974.re\/jardin\/wp-content\/uploads\/2023\/09\/IMG_20230901_155758-113x150.jpg 113w, http:\/\/www.bkl974.re\/jardin\/wp-content\/uploads\/2023\/09\/IMG_20230901_155758.jpg 900w\" sizes=\"auto, (max-width: 450px) 100vw, 450px\" \/><br \/>\u00a0\u00a0<\/p>\n\n\n\n<p>Je fais une exp\u00e9rience cette ann\u00e9e=)<br \/><img loading=\"lazy\" decoding=\"async\" class=\"alignnone size-large wp-image-4755\" src=\"http:\/\/www.bkl974.re\/jardin\/wp-content\/uploads\/2023\/09\/IMG_20230901_154628-485x600.jpg\" alt=\"\" width=\"485\" height=\"600\" srcset=\"http:\/\/www.bkl974.re\/jardin\/wp-content\/uploads\/2023\/09\/IMG_20230901_154628-485x600.jpg 485w, http:\/\/www.bkl974.re\/jardin\/wp-content\/uploads\/2023\/09\/IMG_20230901_154628-363x450.jpg 363w, http:\/\/www.bkl974.re\/jardin\/wp-content\/uploads\/2023\/09\/IMG_20230901_154628-768x951.jpg 768w, http:\/\/www.bkl974.re\/jardin\/wp-content\/uploads\/2023\/09\/IMG_20230901_154628-121x150.jpg 121w, http:\/\/www.bkl974.re\/jardin\/wp-content\/uploads\/2023\/09\/IMG_20230901_154628.jpg 969w\" sizes=\"auto, (max-width: 485px) 100vw, 485px\" \/><br \/><img loading=\"lazy\" decoding=\"async\" class=\"alignnone size-large wp-image-4754\" src=\"http:\/\/www.bkl974.re\/jardin\/wp-content\/uploads\/2023\/09\/IMG_20230901_154634-450x600.jpg\" alt=\"\" width=\"450\" height=\"600\" srcset=\"http:\/\/www.bkl974.re\/jardin\/wp-content\/uploads\/2023\/09\/IMG_20230901_154634-450x600.jpg 450w, http:\/\/www.bkl974.re\/jardin\/wp-content\/uploads\/2023\/09\/IMG_20230901_154634-338x450.jpg 338w, http:\/\/www.bkl974.re\/jardin\/wp-content\/uploads\/2023\/09\/IMG_20230901_154634-768x1024.jpg 768w, http:\/\/www.bkl974.re\/jardin\/wp-content\/uploads\/2023\/09\/IMG_20230901_154634-113x150.jpg 113w, http:\/\/www.bkl974.re\/jardin\/wp-content\/uploads\/2023\/09\/IMG_20230901_154634.jpg 900w\" sizes=\"auto, (max-width: 450px) 100vw, 450px\" \/><br \/>J&rsquo;en parlerai sur <a href=\"http:\/\/unemaisonsuruneile.re\/\" target=\"_blank\" rel=\"noopener\">une maison sur une ile<\/a> des que j&rsquo;ai le courage de cette entr\u00e9e refaite bref.. on y a mis un plant de tomate en sac comme je faisais sur le balcon \u00e0 l&rsquo;\u00e9poque(la sous lumi\u00e8re de fin de journ\u00e9e) cette pi\u00e8ce \u00e9tant ensoleill\u00e9e toute la journ\u00e9e, c&rsquo;est aussi l&rsquo;endroit le plus sec de la maison et le plus chaud en journ\u00e9e.\u00a0<br \/>Ca pousse bien pas de maladie rien, faut dire c&rsquo;est une serre grand luxe lol mais petite et faut partager avec les chats!!<br \/>Je donnerai des nouvelles \ud83d\ude09 Et si \u00e7a marche ce sera l&rsquo;entr\u00e9e \u00e0 tomates =)<\/p>\n<p>A plus tard&#8230;.<\/p>\n","protected":false},"excerpt":{"rendered":"<p>Ces derniers jours il y a un peu de soleil malgr\u00e9 quelques petites gouttes les nuits.Ce weekend ce sera confiture et pate de fruit de goyave et citron je pense. On va commencer a stocker pour les mois qui viennent.&nbsp;On a d\u00e9j\u00e0 fait quelques kg de chouchou congel\u00e9 car la fin de saison approche. (pas de photo \ud83d\ude33 )Aujourd&rsquo;hui on a cueilli une 10 aine de kg de goyave pour demain (pas de photo \ud83d\ude33 ) C&rsquo;est ce qu&rsquo;on tentera de transformer ce weekend!La lumi\u00e8re d&rsquo;hiver est la \u00ab\u00a0enfin\u00a0\u00bb quelques photos du jardin des 2 derniers joursLa lumi\u00e8res dans les moutardes \ud83d\ude09&nbsp; Montons voir le jardin au dessus de la cuisine \u00e7a pousse pas mal du tout: Et maintenant les r\u00e9colte quotidiennes \u00e0 manger frais, je prends ce dont on a besoin (on est que 2)et en fonction de l&rsquo;avancement de maturation ou de la place au jardin=) \u00e7a c&rsquo;\u00e9tait&#8230;<\/p>\n<p> <a class=\"continue-reading-link\" href=\"http:\/\/www.bkl974.re\/jardin\/2023\/09\/02\/quelques-recoltes-et-du-soleil\/\"><span>Continuer la lecture<\/span><i class=\"crycon-right-dir\"><\/i><\/a> <\/p>\n","protected":false},"author":1,"featured_media":4751,"comment_status":"open","ping_status":"open","sticky":false,"template":"","format":"standard","meta":{"om_disable_all_campaigns":false,"_monsterinsights_skip_tracking":false,"_monsterinsights_sitenote_active":false,"_monsterinsights_sitenote_note":"","_monsterinsights_sitenote_category":0,"_uf_show_specific_survey":0,"_uf_disable_surveys":false,"footnotes":""},"categories":[470,502,543],"tags":[],"class_list":["post-4739","post","type-post","status-publish","format-standard","has-post-thumbnail","hentry","category-fruits","category-potager","category-recoltes"],"aioseo_notices":[],"_links":{"self":[{"href":"http:\/\/www.bkl974.re\/jardin\/wp-json\/wp\/v2\/posts\/4739","targetHints":{"allow":["GET"]}}],"collection":[{"href":"http:\/\/www.bkl974.re\/jardin\/wp-json\/wp\/v2\/posts"}],"about":[{"href":"http:\/\/www.bkl974.re\/jardin\/wp-json\/wp\/v2\/types\/post"}],"author":[{"embeddable":true,"href":"http:\/\/www.bkl974.re\/jardin\/wp-json\/wp\/v2\/users\/1"}],"replies":[{"embeddable":true,"href":"http:\/\/www.bkl974.re\/jardin\/wp-json\/wp\/v2\/comments?post=4739"}],"version-history":[{"count":4,"href":"http:\/\/www.bkl974.re\/jardin\/wp-json\/wp\/v2\/posts\/4739\/revisions"}],"predecessor-version":[{"id":4759,"href":"http:\/\/www.bkl974.re\/jardin\/wp-json\/wp\/v2\/posts\/4739\/revisions\/4759"}],"wp:featuredmedia":[{"embeddable":true,"href":"http:\/\/www.bkl974.re\/jardin\/wp-json\/wp\/v2\/media\/4751"}],"wp:attachment":[{"href":"http:\/\/www.bkl974.re\/jardin\/wp-json\/wp\/v2\/media?parent=4739"}],"wp:term":[{"taxonomy":"category","embeddable":true,"href":"http:\/\/www.bkl974.re\/jardin\/wp-json\/wp\/v2\/categories?post=4739"},{"taxonomy":"post_tag","embeddable":true,"href":"http:\/\/www.bkl974.re\/jardin\/wp-json\/wp\/v2\/tags?post=4739"}],"curies":[{"name":"wp","href":"https:\/\/api.w.org\/{rel}","templated":true}]}}