{"id":4761,"date":"2023-09-03T20:07:06","date_gmt":"2023-09-03T16:07:06","guid":{"rendered":"http:\/\/www.bkl974.re\/jardin\/?p=4761"},"modified":"2023-09-03T20:18:22","modified_gmt":"2023-09-03T16:18:22","slug":"on-plante-a-dos-dane","status":"publish","type":"post","link":"http:\/\/www.bkl974.re\/jardin\/2023\/09\/03\/on-plante-a-dos-dane\/","title":{"rendered":"On plante \u00e0 Dos d&rsquo;Ane"},"content":{"rendered":"\n\n\n<p>Il manquait du sucre pour les \u00ab\u00a0p\u00e2tes de fruits\u00a0\u00bb je vais \u00e0 la boutique un peu plus haut que chez moi..<br \/>Tr\u00e8s belle lumi\u00e8re de fin de journ\u00e9e et je n&rsquo;ai pas d&rsquo;apn avec moi quel regret, je ferai avec le smartphone =\/<br \/>Normalement j&rsquo;en avais pour 5 minutes mais \u00e7a a fini en balade dans le village \u00e0 prendre des photos de planche de culture ou pas=)<br \/>Dos d&rsquo;\u00e2ne c&rsquo;est \u00e7a:<br \/><iframe loading=\"lazy\" style=\"border: 0;\" src=\"https:\/\/www.google.com\/maps\/embed?pb=!1m10!1m8!1m3!1d9438.64585130783!2d55.387732680735375!3d-20.98061418095485!3m2!1i1024!2i768!4f13.1!5e1!3m2!1sfr!2sfr!4v1693754298490!5m2!1sfr!2sfr\" width=\"600\" height=\"450\" allowfullscreen=\"allowfullscreen\"><\/iframe><br \/>C&rsquo;est pas tr\u00e8s grand mais ce n&rsquo;est pas si petit=)Il y a aujourd&rsquo;hui un peu plus de 1600 habitants et tout ce petit monde se tient entre 1000 et 1200m d&rsquo;altitude. Il y a une partie haute \u00ab\u00a0Grand coin\u00a0\u00bb qui ressemble \u00e0 un petit cirque et la partie basse cot\u00e9 \u00e9glise, la partie historique, si on peut dire du village!<br \/>La partie basse avec au fond la mer et la ville du port qui d\u00e9passe un peu 1200m plus bas:<br \/><img loading=\"lazy\" decoding=\"async\" class=\"alignnone size-large wp-image-4764\" src=\"http:\/\/www.bkl974.re\/jardin\/wp-content\/uploads\/2023\/09\/IMG_20230902_171122-800x500.jpg\" alt=\"\" width=\"800\" height=\"500\" srcset=\"http:\/\/www.bkl974.re\/jardin\/wp-content\/uploads\/2023\/09\/IMG_20230902_171122-800x500.jpg 800w, http:\/\/www.bkl974.re\/jardin\/wp-content\/uploads\/2023\/09\/IMG_20230902_171122-600x375.jpg 600w, http:\/\/www.bkl974.re\/jardin\/wp-content\/uploads\/2023\/09\/IMG_20230902_171122-768x480.jpg 768w, http:\/\/www.bkl974.re\/jardin\/wp-content\/uploads\/2023\/09\/IMG_20230902_171122-1536x960.jpg 1536w, http:\/\/www.bkl974.re\/jardin\/wp-content\/uploads\/2023\/09\/IMG_20230902_171122-150x94.jpg 150w, http:\/\/www.bkl974.re\/jardin\/wp-content\/uploads\/2023\/09\/IMG_20230902_171122.jpg 1600w\" sizes=\"auto, (max-width: 800px) 100vw, 800px\" \/><\/p>\n\n\n\n<p>La partie haute comme pos\u00e9e au fond d&rsquo;une mini caldera est presque plate et entour\u00e9e de falaise. C&rsquo;est la ou sont les \u00e9levages poules et porcs, ainsi que la plupart des plantations. Quand j&rsquo;\u00e9tais petit il y avait un peu plus de 600 personnes dans le village. On est 1000 de plus et des maisons sont sorties de terre mais l&rsquo;ambiance est rest\u00e9e je trouve..<br \/><img loading=\"lazy\" decoding=\"async\" class=\"alignnone size-large wp-image-4765\" src=\"http:\/\/www.bkl974.re\/jardin\/wp-content\/uploads\/2023\/09\/IMG_20230902_165231-800x500.jpg\" alt=\"\" width=\"800\" height=\"500\" srcset=\"http:\/\/www.bkl974.re\/jardin\/wp-content\/uploads\/2023\/09\/IMG_20230902_165231-800x500.jpg 800w, http:\/\/www.bkl974.re\/jardin\/wp-content\/uploads\/2023\/09\/IMG_20230902_165231-600x375.jpg 600w, http:\/\/www.bkl974.re\/jardin\/wp-content\/uploads\/2023\/09\/IMG_20230902_165231-768x480.jpg 768w, http:\/\/www.bkl974.re\/jardin\/wp-content\/uploads\/2023\/09\/IMG_20230902_165231-1536x960.jpg 1536w, http:\/\/www.bkl974.re\/jardin\/wp-content\/uploads\/2023\/09\/IMG_20230902_165231-150x94.jpg 150w, http:\/\/www.bkl974.re\/jardin\/wp-content\/uploads\/2023\/09\/IMG_20230902_165231.jpg 1600w\" sizes=\"auto, (max-width: 800px) 100vw, 800px\" \/><\/p>\n\n\n\n<p>Il y a plein de petits chemins un peu partout autour d&rsquo;une boucle principale! Je fais le tour toutes les semaines en commen\u00e7ant toujours par les plus vieilles plantations qui sont la depuis toujours=)<br \/><img loading=\"lazy\" decoding=\"async\" class=\"alignnone size-large wp-image-4766\" src=\"http:\/\/www.bkl974.re\/jardin\/wp-content\/uploads\/2023\/09\/IMG_20230902_164308-800x600.jpg\" alt=\"\" width=\"800\" height=\"600\" srcset=\"http:\/\/www.bkl974.re\/jardin\/wp-content\/uploads\/2023\/09\/IMG_20230902_164308-800x600.jpg 800w, http:\/\/www.bkl974.re\/jardin\/wp-content\/uploads\/2023\/09\/IMG_20230902_164308-600x450.jpg 600w, http:\/\/www.bkl974.re\/jardin\/wp-content\/uploads\/2023\/09\/IMG_20230902_164308-400x300.jpg 400w, http:\/\/www.bkl974.re\/jardin\/wp-content\/uploads\/2023\/09\/IMG_20230902_164308-768x576.jpg 768w, http:\/\/www.bkl974.re\/jardin\/wp-content\/uploads\/2023\/09\/IMG_20230902_164308-1536x1152.jpg 1536w, http:\/\/www.bkl974.re\/jardin\/wp-content\/uploads\/2023\/09\/IMG_20230902_164308-150x113.jpg 150w, http:\/\/www.bkl974.re\/jardin\/wp-content\/uploads\/2023\/09\/IMG_20230902_164308.jpg 1600w\" sizes=\"auto, (max-width: 800px) 100vw, 800px\" \/><br \/><img loading=\"lazy\" decoding=\"async\" class=\"alignnone size-large wp-image-4767\" src=\"http:\/\/www.bkl974.re\/jardin\/wp-content\/uploads\/2023\/09\/IMG_20230902_164325-800x600.jpg\" alt=\"\" width=\"800\" height=\"600\" srcset=\"http:\/\/www.bkl974.re\/jardin\/wp-content\/uploads\/2023\/09\/IMG_20230902_164325-800x600.jpg 800w, http:\/\/www.bkl974.re\/jardin\/wp-content\/uploads\/2023\/09\/IMG_20230902_164325-600x450.jpg 600w, http:\/\/www.bkl974.re\/jardin\/wp-content\/uploads\/2023\/09\/IMG_20230902_164325-400x300.jpg 400w, http:\/\/www.bkl974.re\/jardin\/wp-content\/uploads\/2023\/09\/IMG_20230902_164325-768x576.jpg 768w, http:\/\/www.bkl974.re\/jardin\/wp-content\/uploads\/2023\/09\/IMG_20230902_164325-1536x1152.jpg 1536w, http:\/\/www.bkl974.re\/jardin\/wp-content\/uploads\/2023\/09\/IMG_20230902_164325-150x113.jpg 150w, http:\/\/www.bkl974.re\/jardin\/wp-content\/uploads\/2023\/09\/IMG_20230902_164325.jpg 1600w\" sizes=\"auto, (max-width: 800px) 100vw, 800px\" \/><br \/>Et selon la saison \u00e7a me permet aussi de savoir qui plante quoi et \u00e0 quel moment, eux savent mieux que moi alors je suis=)<br \/>J&rsquo;avance un peu et arrive dans la partie la plus dense du village et il y a toujours des planches de culture<br \/><img loading=\"lazy\" decoding=\"async\" class=\"alignnone size-large wp-image-4768\" src=\"http:\/\/www.bkl974.re\/jardin\/wp-content\/uploads\/2023\/09\/IMG_20230902_164601-800x600.jpg\" alt=\"\" width=\"800\" height=\"600\" srcset=\"http:\/\/www.bkl974.re\/jardin\/wp-content\/uploads\/2023\/09\/IMG_20230902_164601-800x600.jpg 800w, http:\/\/www.bkl974.re\/jardin\/wp-content\/uploads\/2023\/09\/IMG_20230902_164601-600x450.jpg 600w, http:\/\/www.bkl974.re\/jardin\/wp-content\/uploads\/2023\/09\/IMG_20230902_164601-400x300.jpg 400w, http:\/\/www.bkl974.re\/jardin\/wp-content\/uploads\/2023\/09\/IMG_20230902_164601-768x576.jpg 768w, http:\/\/www.bkl974.re\/jardin\/wp-content\/uploads\/2023\/09\/IMG_20230902_164601-1536x1152.jpg 1536w, http:\/\/www.bkl974.re\/jardin\/wp-content\/uploads\/2023\/09\/IMG_20230902_164601-150x113.jpg 150w, http:\/\/www.bkl974.re\/jardin\/wp-content\/uploads\/2023\/09\/IMG_20230902_164601.jpg 1600w\" sizes=\"auto, (max-width: 800px) 100vw, 800px\" \/><br \/>Je m&rsquo;\u00e9loigne un peu et<br \/><img loading=\"lazy\" decoding=\"async\" class=\"alignnone size-large wp-image-4769\" src=\"http:\/\/www.bkl974.re\/jardin\/wp-content\/uploads\/2023\/09\/IMG_20230902_164841-800x600.jpg\" alt=\"\" width=\"800\" height=\"600\" srcset=\"http:\/\/www.bkl974.re\/jardin\/wp-content\/uploads\/2023\/09\/IMG_20230902_164841-800x600.jpg 800w, http:\/\/www.bkl974.re\/jardin\/wp-content\/uploads\/2023\/09\/IMG_20230902_164841-600x450.jpg 600w, http:\/\/www.bkl974.re\/jardin\/wp-content\/uploads\/2023\/09\/IMG_20230902_164841-400x300.jpg 400w, http:\/\/www.bkl974.re\/jardin\/wp-content\/uploads\/2023\/09\/IMG_20230902_164841-768x576.jpg 768w, http:\/\/www.bkl974.re\/jardin\/wp-content\/uploads\/2023\/09\/IMG_20230902_164841-1536x1152.jpg 1536w, http:\/\/www.bkl974.re\/jardin\/wp-content\/uploads\/2023\/09\/IMG_20230902_164841-150x113.jpg 150w, http:\/\/www.bkl974.re\/jardin\/wp-content\/uploads\/2023\/09\/IMG_20230902_164841.jpg 1600w\" sizes=\"auto, (max-width: 800px) 100vw, 800px\" \/><br \/>Je grimpe un peu encore, des plantations avec en premier plan des chouchous partout que personne n&rsquo;a plant\u00e9. Il y en a absolument partout dans le village!<br \/><img loading=\"lazy\" decoding=\"async\" class=\"alignnone size-large wp-image-4770\" src=\"http:\/\/www.bkl974.re\/jardin\/wp-content\/uploads\/2023\/09\/IMG_20230902_165409-800x600.jpg\" alt=\"\" width=\"800\" height=\"600\" srcset=\"http:\/\/www.bkl974.re\/jardin\/wp-content\/uploads\/2023\/09\/IMG_20230902_165409-800x600.jpg 800w, http:\/\/www.bkl974.re\/jardin\/wp-content\/uploads\/2023\/09\/IMG_20230902_165409-600x450.jpg 600w, http:\/\/www.bkl974.re\/jardin\/wp-content\/uploads\/2023\/09\/IMG_20230902_165409-400x300.jpg 400w, http:\/\/www.bkl974.re\/jardin\/wp-content\/uploads\/2023\/09\/IMG_20230902_165409-768x576.jpg 768w, http:\/\/www.bkl974.re\/jardin\/wp-content\/uploads\/2023\/09\/IMG_20230902_165409-1536x1152.jpg 1536w, http:\/\/www.bkl974.re\/jardin\/wp-content\/uploads\/2023\/09\/IMG_20230902_165409-150x113.jpg 150w, http:\/\/www.bkl974.re\/jardin\/wp-content\/uploads\/2023\/09\/IMG_20230902_165409.jpg 1600w\" sizes=\"auto, (max-width: 800px) 100vw, 800px\" \/><br \/>Quelques m\u00e8tres plus haut<br \/><img loading=\"lazy\" decoding=\"async\" class=\"alignnone size-large wp-image-4771\" src=\"http:\/\/www.bkl974.re\/jardin\/wp-content\/uploads\/2023\/09\/IMG_20230902_165624-800x600.jpg\" alt=\"\" width=\"800\" height=\"600\" srcset=\"http:\/\/www.bkl974.re\/jardin\/wp-content\/uploads\/2023\/09\/IMG_20230902_165624-800x600.jpg 800w, http:\/\/www.bkl974.re\/jardin\/wp-content\/uploads\/2023\/09\/IMG_20230902_165624-600x450.jpg 600w, http:\/\/www.bkl974.re\/jardin\/wp-content\/uploads\/2023\/09\/IMG_20230902_165624-400x300.jpg 400w, http:\/\/www.bkl974.re\/jardin\/wp-content\/uploads\/2023\/09\/IMG_20230902_165624-768x576.jpg 768w, http:\/\/www.bkl974.re\/jardin\/wp-content\/uploads\/2023\/09\/IMG_20230902_165624-1536x1152.jpg 1536w, http:\/\/www.bkl974.re\/jardin\/wp-content\/uploads\/2023\/09\/IMG_20230902_165624-150x113.jpg 150w, http:\/\/www.bkl974.re\/jardin\/wp-content\/uploads\/2023\/09\/IMG_20230902_165624.jpg 1600w\" sizes=\"auto, (max-width: 800px) 100vw, 800px\" \/><br \/><br \/><\/p>\n\n\n\n<p>Je change de cot\u00e9 et me rapproche du bord lol<br \/><img loading=\"lazy\" decoding=\"async\" class=\"alignnone size-large wp-image-4772\" src=\"http:\/\/www.bkl974.re\/jardin\/wp-content\/uploads\/2023\/09\/IMG_20230902_170322-800x600.jpg\" alt=\"\" width=\"800\" height=\"600\" srcset=\"http:\/\/www.bkl974.re\/jardin\/wp-content\/uploads\/2023\/09\/IMG_20230902_170322-800x600.jpg 800w, http:\/\/www.bkl974.re\/jardin\/wp-content\/uploads\/2023\/09\/IMG_20230902_170322-600x450.jpg 600w, http:\/\/www.bkl974.re\/jardin\/wp-content\/uploads\/2023\/09\/IMG_20230902_170322-400x300.jpg 400w, http:\/\/www.bkl974.re\/jardin\/wp-content\/uploads\/2023\/09\/IMG_20230902_170322-768x576.jpg 768w, http:\/\/www.bkl974.re\/jardin\/wp-content\/uploads\/2023\/09\/IMG_20230902_170322-1536x1152.jpg 1536w, http:\/\/www.bkl974.re\/jardin\/wp-content\/uploads\/2023\/09\/IMG_20230902_170322-150x113.jpg 150w, http:\/\/www.bkl974.re\/jardin\/wp-content\/uploads\/2023\/09\/IMG_20230902_170322.jpg 1600w\" sizes=\"auto, (max-width: 800px) 100vw, 800px\" \/><br \/>De ce cot\u00e9 il y a aussi des fleurs sous serre moins qu&rsquo;avant on dirait &#8230;<br \/><img loading=\"lazy\" decoding=\"async\" class=\"alignnone size-large wp-image-4773\" src=\"http:\/\/www.bkl974.re\/jardin\/wp-content\/uploads\/2023\/09\/IMG_20230902_170140-800x600.jpg\" alt=\"\" width=\"800\" height=\"600\" srcset=\"http:\/\/www.bkl974.re\/jardin\/wp-content\/uploads\/2023\/09\/IMG_20230902_170140-800x600.jpg 800w, http:\/\/www.bkl974.re\/jardin\/wp-content\/uploads\/2023\/09\/IMG_20230902_170140-600x450.jpg 600w, http:\/\/www.bkl974.re\/jardin\/wp-content\/uploads\/2023\/09\/IMG_20230902_170140-400x300.jpg 400w, http:\/\/www.bkl974.re\/jardin\/wp-content\/uploads\/2023\/09\/IMG_20230902_170140-768x576.jpg 768w, http:\/\/www.bkl974.re\/jardin\/wp-content\/uploads\/2023\/09\/IMG_20230902_170140-1536x1152.jpg 1536w, http:\/\/www.bkl974.re\/jardin\/wp-content\/uploads\/2023\/09\/IMG_20230902_170140-150x113.jpg 150w, http:\/\/www.bkl974.re\/jardin\/wp-content\/uploads\/2023\/09\/IMG_20230902_170140.jpg 1600w\" sizes=\"auto, (max-width: 800px) 100vw, 800px\" \/><br \/>Un jardin au dessus de la mer<br \/><img loading=\"lazy\" decoding=\"async\" class=\"alignnone size-large wp-image-4774\" src=\"http:\/\/www.bkl974.re\/jardin\/wp-content\/uploads\/2023\/09\/IMG_20230902_170229-800x500.jpg\" alt=\"\" width=\"800\" height=\"500\" srcset=\"http:\/\/www.bkl974.re\/jardin\/wp-content\/uploads\/2023\/09\/IMG_20230902_170229-800x500.jpg 800w, http:\/\/www.bkl974.re\/jardin\/wp-content\/uploads\/2023\/09\/IMG_20230902_170229-600x375.jpg 600w, http:\/\/www.bkl974.re\/jardin\/wp-content\/uploads\/2023\/09\/IMG_20230902_170229-768x480.jpg 768w, http:\/\/www.bkl974.re\/jardin\/wp-content\/uploads\/2023\/09\/IMG_20230902_170229-1536x960.jpg 1536w, http:\/\/www.bkl974.re\/jardin\/wp-content\/uploads\/2023\/09\/IMG_20230902_170229-150x94.jpg 150w, http:\/\/www.bkl974.re\/jardin\/wp-content\/uploads\/2023\/09\/IMG_20230902_170229.jpg 1600w\" sizes=\"auto, (max-width: 800px) 100vw, 800px\" \/><br \/>un autre au pied de la montagne<br \/><img loading=\"lazy\" decoding=\"async\" class=\"alignnone size-large wp-image-4775\" src=\"http:\/\/www.bkl974.re\/jardin\/wp-content\/uploads\/2023\/09\/IMG_20230902_170607-800x500.jpg\" alt=\"\" width=\"800\" height=\"500\" srcset=\"http:\/\/www.bkl974.re\/jardin\/wp-content\/uploads\/2023\/09\/IMG_20230902_170607-800x500.jpg 800w, http:\/\/www.bkl974.re\/jardin\/wp-content\/uploads\/2023\/09\/IMG_20230902_170607-600x375.jpg 600w, http:\/\/www.bkl974.re\/jardin\/wp-content\/uploads\/2023\/09\/IMG_20230902_170607-768x480.jpg 768w, http:\/\/www.bkl974.re\/jardin\/wp-content\/uploads\/2023\/09\/IMG_20230902_170607-1536x960.jpg 1536w, http:\/\/www.bkl974.re\/jardin\/wp-content\/uploads\/2023\/09\/IMG_20230902_170607-150x94.jpg 150w, http:\/\/www.bkl974.re\/jardin\/wp-content\/uploads\/2023\/09\/IMG_20230902_170607.jpg 1600w\" sizes=\"auto, (max-width: 800px) 100vw, 800px\" \/><br \/>Des serres au soleil<br \/><img loading=\"lazy\" decoding=\"async\" class=\"alignnone size-large wp-image-4776\" src=\"http:\/\/www.bkl974.re\/jardin\/wp-content\/uploads\/2023\/09\/IMG_20230902_170820-800x600.jpg\" alt=\"\" width=\"800\" height=\"600\" srcset=\"http:\/\/www.bkl974.re\/jardin\/wp-content\/uploads\/2023\/09\/IMG_20230902_170820-800x600.jpg 800w, http:\/\/www.bkl974.re\/jardin\/wp-content\/uploads\/2023\/09\/IMG_20230902_170820-600x450.jpg 600w, http:\/\/www.bkl974.re\/jardin\/wp-content\/uploads\/2023\/09\/IMG_20230902_170820-400x300.jpg 400w, http:\/\/www.bkl974.re\/jardin\/wp-content\/uploads\/2023\/09\/IMG_20230902_170820-768x576.jpg 768w, http:\/\/www.bkl974.re\/jardin\/wp-content\/uploads\/2023\/09\/IMG_20230902_170820-1536x1152.jpg 1536w, http:\/\/www.bkl974.re\/jardin\/wp-content\/uploads\/2023\/09\/IMG_20230902_170820-150x113.jpg 150w, http:\/\/www.bkl974.re\/jardin\/wp-content\/uploads\/2023\/09\/IMG_20230902_170820.jpg 1600w\" sizes=\"auto, (max-width: 800px) 100vw, 800px\" \/><br \/>Allez je rentre en faisant des d\u00e9tours ici la rue qui m\u00e8ne \u00e0 la mairie annexe, la poste (annexe) et le case\u00a0<br \/><img loading=\"lazy\" decoding=\"async\" class=\"alignnone size-large wp-image-4777\" src=\"http:\/\/www.bkl974.re\/jardin\/wp-content\/uploads\/2023\/09\/IMG_20230902_171255-800x600.jpg\" alt=\"\" width=\"800\" height=\"600\" srcset=\"http:\/\/www.bkl974.re\/jardin\/wp-content\/uploads\/2023\/09\/IMG_20230902_171255-800x600.jpg 800w, http:\/\/www.bkl974.re\/jardin\/wp-content\/uploads\/2023\/09\/IMG_20230902_171255-600x450.jpg 600w, http:\/\/www.bkl974.re\/jardin\/wp-content\/uploads\/2023\/09\/IMG_20230902_171255-400x300.jpg 400w, http:\/\/www.bkl974.re\/jardin\/wp-content\/uploads\/2023\/09\/IMG_20230902_171255-768x576.jpg 768w, http:\/\/www.bkl974.re\/jardin\/wp-content\/uploads\/2023\/09\/IMG_20230902_171255-1536x1152.jpg 1536w, http:\/\/www.bkl974.re\/jardin\/wp-content\/uploads\/2023\/09\/IMG_20230902_171255-150x113.jpg 150w, http:\/\/www.bkl974.re\/jardin\/wp-content\/uploads\/2023\/09\/IMG_20230902_171255.jpg 1600w\" sizes=\"auto, (max-width: 800px) 100vw, 800px\" \/><br \/>J&rsquo;en montrerai plus une prochaine fois. Avec un vrai appareil photo ce serait mieux car la je suis un peu frustr\u00e9 juste avec mon t\u00e9l\u00e9phone!! Il y a bien d&rsquo;autres plantations&#8230;\u00e7a plante toujours et m\u00eame plus \ud83d\ude09\u00a0<\/p>\n<p>A plus tard&#8230;\u00a0<\/p>\n","protected":false},"excerpt":{"rendered":"<p>Il manquait du sucre pour les \u00ab\u00a0p\u00e2tes de fruits\u00a0\u00bb je vais \u00e0 la boutique un peu plus haut que chez moi..Tr\u00e8s belle lumi\u00e8re de fin de journ\u00e9e et je n&rsquo;ai pas d&rsquo;apn avec moi quel regret, je ferai avec le smartphone =\/Normalement j&rsquo;en avais pour 5 minutes mais \u00e7a a fini en balade dans le village \u00e0 prendre des photos de planche de culture ou pas=)Dos d&rsquo;\u00e2ne c&rsquo;est \u00e7a:C&rsquo;est pas tr\u00e8s grand mais ce n&rsquo;est pas si petit=)Il y a aujourd&rsquo;hui un peu plus de 1600 habitants et tout ce petit monde se tient entre 1000 et 1200m d&rsquo;altitude. Il y a une partie haute \u00ab\u00a0Grand coin\u00a0\u00bb qui ressemble \u00e0 un petit cirque et la partie basse cot\u00e9 \u00e9glise, la partie historique, si on peut dire du village!La partie basse avec au fond la mer et la ville du port qui d\u00e9passe un peu 1200m plus bas: La partie haute&#8230;<\/p>\n<p> <a class=\"continue-reading-link\" href=\"http:\/\/www.bkl974.re\/jardin\/2023\/09\/03\/on-plante-a-dos-dane\/\"><span>Continuer la lecture<\/span><i class=\"crycon-right-dir\"><\/i><\/a> <\/p>\n","protected":false},"author":1,"featured_media":4771,"comment_status":"open","ping_status":"open","sticky":false,"template":"","format":"standard","meta":{"om_disable_all_campaigns":false,"_monsterinsights_skip_tracking":false,"_monsterinsights_sitenote_active":false,"_monsterinsights_sitenote_note":"","_monsterinsights_sitenote_category":0,"_uf_show_specific_survey":0,"_uf_disable_surveys":false,"footnotes":""},"categories":[56,77,544],"tags":[230,49,545],"class_list":["post-4761","post","type-post","status-publish","format-standard","has-post-thumbnail","hentry","category-balades","category-fleurs-des-routes","category-plantations","tag-grand-coin","tag-ile-de-la-reunion","tag-plantations-dos-dane"],"aioseo_notices":[],"_links":{"self":[{"href":"http:\/\/www.bkl974.re\/jardin\/wp-json\/wp\/v2\/posts\/4761","targetHints":{"allow":["GET"]}}],"collection":[{"href":"http:\/\/www.bkl974.re\/jardin\/wp-json\/wp\/v2\/posts"}],"about":[{"href":"http:\/\/www.bkl974.re\/jardin\/wp-json\/wp\/v2\/types\/post"}],"author":[{"embeddable":true,"href":"http:\/\/www.bkl974.re\/jardin\/wp-json\/wp\/v2\/users\/1"}],"replies":[{"embeddable":true,"href":"http:\/\/www.bkl974.re\/jardin\/wp-json\/wp\/v2\/comments?post=4761"}],"version-history":[{"count":6,"href":"http:\/\/www.bkl974.re\/jardin\/wp-json\/wp\/v2\/posts\/4761\/revisions"}],"predecessor-version":[{"id":4781,"href":"http:\/\/www.bkl974.re\/jardin\/wp-json\/wp\/v2\/posts\/4761\/revisions\/4781"}],"wp:featuredmedia":[{"embeddable":true,"href":"http:\/\/www.bkl974.re\/jardin\/wp-json\/wp\/v2\/media\/4771"}],"wp:attachment":[{"href":"http:\/\/www.bkl974.re\/jardin\/wp-json\/wp\/v2\/media?parent=4761"}],"wp:term":[{"taxonomy":"category","embeddable":true,"href":"http:\/\/www.bkl974.re\/jardin\/wp-json\/wp\/v2\/categories?post=4761"},{"taxonomy":"post_tag","embeddable":true,"href":"http:\/\/www.bkl974.re\/jardin\/wp-json\/wp\/v2\/tags?post=4761"}],"curies":[{"name":"wp","href":"https:\/\/api.w.org\/{rel}","templated":true}]}}